{"id":13488,"date":"2026-03-14T07:10:55","date_gmt":"2026-03-14T05:10:55","guid":{"rendered":"http:\/\/www.kle-blatt.de\/blog\/?p=13488"},"modified":"2026-01-21T12:33:15","modified_gmt":"2026-01-21T10:33:15","slug":"ein-klever-denkmal-stuerzt-abriss-verkehrspavillon","status":"publish","type":"post","link":"https:\/\/www.kle-blatt.de\/blog\/kleve-in-foto-video\/aus-dem-privatalbum\/ein-klever-denkmal-stuerzt-abriss-verkehrspavillon.html","title":{"rendered":"Ein Klever &#8222;Denkmal&#8220; st\u00fcrzt &#8211; Abriss Verkehrspavillon"},"content":{"rendered":"<p><strong>Ein Klever &#8222;Denkmal&#8220; st\u00fcrzt &#8211; Abriss Verkehrspavillon<\/strong><\/p>\n<p>Der Bagger w\u00e4hrend seiner vernichtenden Arbeit an einer Klever Institution. Der legend\u00e4re Verkehrspavillon f\u00e4llt der Moderne zum Opfer, die man dahinter schon erblicken kann &#8211; das Spoy-Center.<br \/>\nViele Klever vermissen dieses extravagante fast schon futuristische Geb\u00e4ude, das direkt an der Herzogbr\u00fccke stand und nach dem Klever Heimat- und Verkehrsverein einem Reiseb\u00fcro als Dependance diente.<\/p>\n<p><a href=\"http:\/\/www.kle-blatt.de\/blog\/wp-content\/uploads\/2015\/01\/abriss-verkehrspavillon3.jpg\"><img loading=\"lazy\" decoding=\"async\" class=\"size-full wp-image-13489 aligncenter\" src=\"http:\/\/www.kle-blatt.de\/blog\/wp-content\/uploads\/2015\/01\/abriss-verkehrspavillon3.jpg\" alt=\"Ein Klever Denkmal st\u00fcrzt - Abriss Verkehrspavillon\" width=\"850\" height=\"857\" srcset=\"https:\/\/www.kle-blatt.de\/blog\/wp-content\/uploads\/2015\/01\/abriss-verkehrspavillon3-150x150.jpg 150w, https:\/\/www.kle-blatt.de\/blog\/wp-content\/uploads\/2015\/01\/abriss-verkehrspavillon3-297x300.jpg 297w\" sizes=\"auto, (max-width: 850px) 100vw, 850px\" \/><\/a><br \/>\n(Foto: Theo Kreusch)<\/p>\n","protected":false},"excerpt":{"rendered":"<p>Ein Klever &#8222;Denkmal&#8220; st\u00fcrzt &#8211; Abriss Verkehrspavillon Der Bagger w\u00e4hrend seiner vernichtenden Arbeit an einer Klever Institution. Der legend\u00e4re Verkehrspavillon &hellip; <a href=\"https:\/\/www.kle-blatt.de\/blog\/kleve-in-foto-video\/aus-dem-privatalbum\/ein-klever-denkmal-stuerzt-abriss-verkehrspavillon.html\" class=\"more-link\"><span class=\"more-button\">Weiterlesen<span class=\"screen-reader-text\">Ein Klever &#8222;Denkmal&#8220; st\u00fcrzt &#8211; Abriss Verkehrspavillon<\/span><\/span><\/a><\/p>\n","protected":false},"author":2,"featured_media":13489,"comment_status":"closed","ping_status":"closed","sticky":false,"template":"","format":"standard","meta":{"footnotes":""},"categories":[20],"tags":[2804],"class_list":["post-13488","post","type-post","status-publish","format-standard","has-post-thumbnail","hentry","category-aus-dem-privatalbum","tag-ein-klever-denkmal-stuerzt-abriss-verkehrspavillon"],"_links":{"self":[{"href":"https:\/\/www.kle-blatt.de\/blog\/wp-json\/wp\/v2\/posts\/13488","targetHints":{"allow":["GET"]}}],"collection":[{"href":"https:\/\/www.kle-blatt.de\/blog\/wp-json\/wp\/v2\/posts"}],"about":[{"href":"https:\/\/www.kle-blatt.de\/blog\/wp-json\/wp\/v2\/types\/post"}],"author":[{"embeddable":true,"href":"https:\/\/www.kle-blatt.de\/blog\/wp-json\/wp\/v2\/users\/2"}],"replies":[{"embeddable":true,"href":"https:\/\/www.kle-blatt.de\/blog\/wp-json\/wp\/v2\/comments?post=13488"}],"version-history":[{"count":1,"href":"https:\/\/www.kle-blatt.de\/blog\/wp-json\/wp\/v2\/posts\/13488\/revisions"}],"predecessor-version":[{"id":36529,"href":"https:\/\/www.kle-blatt.de\/blog\/wp-json\/wp\/v2\/posts\/13488\/revisions\/36529"}],"wp:featuredmedia":[{"embeddable":true,"href":"https:\/\/www.kle-blatt.de\/blog\/wp-json\/wp\/v2\/media\/13489"}],"wp:attachment":[{"href":"https:\/\/www.kle-blatt.de\/blog\/wp-json\/wp\/v2\/media?parent=13488"}],"wp:term":[{"taxonomy":"category","embeddable":true,"href":"https:\/\/www.kle-blatt.de\/blog\/wp-json\/wp\/v2\/categories?post=13488"},{"taxonomy":"post_tag","embeddable":true,"href":"https:\/\/www.kle-blatt.de\/blog\/wp-json\/wp\/v2\/tags?post=13488"}],"curies":[{"name":"wp","href":"https:\/\/api.w.org\/{rel}","templated":true}]}}