{"id":13693,"date":"2022-02-02T06:20:06","date_gmt":"2022-02-02T04:20:06","guid":{"rendered":"http:\/\/www.kle-blatt.de\/blog\/?p=13693"},"modified":"2022-01-10T13:34:10","modified_gmt":"2022-01-10T11:34:10","slug":"ein-alter-markt-in-kleve","status":"publish","type":"post","link":"https:\/\/www.kle-blatt.de\/blog\/kleve-in-foto-video\/ein-alter-markt-in-kleve.html","title":{"rendered":"Wo war wohl dieser alte Markt in Kleve?"},"content":{"rendered":"<p><strong>Wo war wohl dieser alte Markt in Kleve?<\/strong><\/p>\n<p>Hier sehen wir einen Klever Markt Ende der F\u00fcnfziger Jahre. Die St\u00e4nde sind noch ganz einfach gebaut und das Gem\u00fcse, die Eier und die Kartoffeln kamen noch vom eigenen Hof und nicht aus \u00dcbersee oder Afrika. Im Vordergrund erkennt man noch die alten Waagen, die mit Konter-Gewichtssteinen funktionierten. Die Marktfrauen trugen noch die langen Kleider, R\u00f6cke und Kittelsch\u00fcrzen.<br \/>\nWelcher Markt war das? Kleiner Markt? Gro\u00dfer Markt? Bauernmarkt? Markt an der Linde? Oder ganz woanders?<br \/>\nWir sehen die Schwanenburg im Hintergrund. Aber viel zu weit weg von Kleinen und Gro\u00dfen Markt. Doch eher Linde? \ud83d\ude09<\/p>\n<p><a href=\"http:\/\/www.kle-blatt.de\/blog\/wp-content\/uploads\/2015\/01\/markt-66.jpg\"><img loading=\"lazy\" decoding=\"async\" class=\"size-full wp-image-13694 aligncenter\" src=\"https:\/\/www.kle-blatt.de\/blog\/wp-content\/uploads\/2015\/01\/markt-66.jpg\" alt=\"Wo war wohl dieser alte Markt in Kleve?\" width=\"850\" height=\"867\" \/><\/a><\/p>\n","protected":false},"excerpt":{"rendered":"<p>Wo war wohl dieser alte Markt in Kleve? Hier sehen wir einen Klever Markt Ende der F\u00fcnfziger Jahre. Die St\u00e4nde &hellip; <a href=\"https:\/\/www.kle-blatt.de\/blog\/kleve-in-foto-video\/ein-alter-markt-in-kleve.html\" class=\"more-link\"><span class=\"more-button\">Weiterlesen<span class=\"screen-reader-text\">Wo war wohl dieser alte Markt in Kleve?<\/span><\/span><\/a><\/p>\n","protected":false},"author":2,"featured_media":13694,"comment_status":"open","ping_status":"closed","sticky":false,"template":"","format":"standard","meta":{"footnotes":""},"categories":[3],"tags":[5668],"class_list":["post-13693","post","type-post","status-publish","format-standard","has-post-thumbnail","hentry","category-kleve-in-foto-video","tag-wo-war-wohl-dieser-alte-markt-in-kleve"],"_links":{"self":[{"href":"https:\/\/www.kle-blatt.de\/blog\/wp-json\/wp\/v2\/posts\/13693","targetHints":{"allow":["GET"]}}],"collection":[{"href":"https:\/\/www.kle-blatt.de\/blog\/wp-json\/wp\/v2\/posts"}],"about":[{"href":"https:\/\/www.kle-blatt.de\/blog\/wp-json\/wp\/v2\/types\/post"}],"author":[{"embeddable":true,"href":"https:\/\/www.kle-blatt.de\/blog\/wp-json\/wp\/v2\/users\/2"}],"replies":[{"embeddable":true,"href":"https:\/\/www.kle-blatt.de\/blog\/wp-json\/wp\/v2\/comments?post=13693"}],"version-history":[{"count":2,"href":"https:\/\/www.kle-blatt.de\/blog\/wp-json\/wp\/v2\/posts\/13693\/revisions"}],"predecessor-version":[{"id":29882,"href":"https:\/\/www.kle-blatt.de\/blog\/wp-json\/wp\/v2\/posts\/13693\/revisions\/29882"}],"wp:featuredmedia":[{"embeddable":true,"href":"https:\/\/www.kle-blatt.de\/blog\/wp-json\/wp\/v2\/media\/13694"}],"wp:attachment":[{"href":"https:\/\/www.kle-blatt.de\/blog\/wp-json\/wp\/v2\/media?parent=13693"}],"wp:term":[{"taxonomy":"category","embeddable":true,"href":"https:\/\/www.kle-blatt.de\/blog\/wp-json\/wp\/v2\/categories?post=13693"},{"taxonomy":"post_tag","embeddable":true,"href":"https:\/\/www.kle-blatt.de\/blog\/wp-json\/wp\/v2\/tags?post=13693"}],"curies":[{"name":"wp","href":"https:\/\/api.w.org\/{rel}","templated":true}]}}