{"id":13714,"date":"2022-01-06T06:00:27","date_gmt":"2022-01-06T04:00:27","guid":{"rendered":"http:\/\/www.kle-blatt.de\/blog\/?p=13714"},"modified":"2021-12-16T11:49:58","modified_gmt":"2021-12-16T09:49:58","slug":"die-kavarinerstrasse-wird-fussgaengerzone","status":"publish","type":"post","link":"https:\/\/www.kle-blatt.de\/blog\/kleve-in-foto-video\/die-kavarinerstrasse-wird-fussgaengerzone.html","title":{"rendered":"Schon gewusst? Die Kavarinerstra\u00dfe wird Fu\u00dfg\u00e4ngerzone"},"content":{"rendered":"<p><strong>Schon gewusst? Die Kavarinerstra\u00dfe wird Fu\u00dfg\u00e4ngerzone<\/strong><\/p>\n<p>Hier sehen wir noch die letzten Arbeiten zum Umbau der Kavarinerstra\u00dfe in eine Fu\u00dfg\u00e4ngerzone. Das war im Jahre 1976 und zog auch den Bau der Gro\u00dfen Stra\u00dfe in ebenfalls eine Fu\u00dfg\u00e4ngerzone nach sich. Zuvor hatte es heftige Diskussionen und Streitgespr\u00e4che zwischen den anliegenden Gesch\u00e4ftsinhabern und der Stadt gegeben. Es war damals eine wegweisende und wichtige Ma\u00dfnahme, die zun\u00e4chst auf wenig Gegenliebe stie\u00df.<br \/>\nWie es heute dort aussieht, kann man hier sehr sch\u00f6n betrachten:<\/p>\n<p><a title=\"kavarinerstra\u00dfe\" href=\"http:\/\/kavariner.de\"><strong><span style=\"color: #ff0000;\">KLICK MICH!<\/span><\/strong><\/a><\/p>\n<p><a href=\"http:\/\/www.kle-blatt.de\/blog\/wp-content\/uploads\/2015\/01\/kavariner-stra\u00dfe-47.jpg\"><img loading=\"lazy\" decoding=\"async\" class=\"size-full wp-image-13715 aligncenter\" src=\"https:\/\/www.kle-blatt.de\/blog\/wp-content\/uploads\/2015\/01\/kavariner-stra\u00dfe-47.jpg\" alt=\"Schon gewusst? Die Kavarinerstra\u00dfe wird Fu\u00dfg\u00e4ngerzone\" width=\"850\" height=\"437\" \/><\/a><br \/>\n(Foto: &#8222;1977 im Kleverland&#8220; &#8211; G.Evers \/ P.Janssen)<\/p>\n","protected":false},"excerpt":{"rendered":"<p>Schon gewusst? Die Kavarinerstra\u00dfe wird Fu\u00dfg\u00e4ngerzone Hier sehen wir noch die letzten Arbeiten zum Umbau der Kavarinerstra\u00dfe in eine Fu\u00dfg\u00e4ngerzone. &hellip; <a href=\"https:\/\/www.kle-blatt.de\/blog\/kleve-in-foto-video\/die-kavarinerstrasse-wird-fussgaengerzone.html\" class=\"more-link\"><span class=\"more-button\">Weiterlesen<span class=\"screen-reader-text\">Schon gewusst? Die Kavarinerstra\u00dfe wird Fu\u00dfg\u00e4ngerzone<\/span><\/span><\/a><\/p>\n","protected":false},"author":2,"featured_media":13715,"comment_status":"open","ping_status":"closed","sticky":false,"template":"","format":"standard","meta":{"footnotes":""},"categories":[3],"tags":[5641],"class_list":["post-13714","post","type-post","status-publish","format-standard","has-post-thumbnail","hentry","category-kleve-in-foto-video","tag-schon-gewusst-die-kavarinerstrasse-wird-fussgaengerzone"],"_links":{"self":[{"href":"https:\/\/www.kle-blatt.de\/blog\/wp-json\/wp\/v2\/posts\/13714","targetHints":{"allow":["GET"]}}],"collection":[{"href":"https:\/\/www.kle-blatt.de\/blog\/wp-json\/wp\/v2\/posts"}],"about":[{"href":"https:\/\/www.kle-blatt.de\/blog\/wp-json\/wp\/v2\/types\/post"}],"author":[{"embeddable":true,"href":"https:\/\/www.kle-blatt.de\/blog\/wp-json\/wp\/v2\/users\/2"}],"replies":[{"embeddable":true,"href":"https:\/\/www.kle-blatt.de\/blog\/wp-json\/wp\/v2\/comments?post=13714"}],"version-history":[{"count":2,"href":"https:\/\/www.kle-blatt.de\/blog\/wp-json\/wp\/v2\/posts\/13714\/revisions"}],"predecessor-version":[{"id":29740,"href":"https:\/\/www.kle-blatt.de\/blog\/wp-json\/wp\/v2\/posts\/13714\/revisions\/29740"}],"wp:featuredmedia":[{"embeddable":true,"href":"https:\/\/www.kle-blatt.de\/blog\/wp-json\/wp\/v2\/media\/13715"}],"wp:attachment":[{"href":"https:\/\/www.kle-blatt.de\/blog\/wp-json\/wp\/v2\/media?parent=13714"}],"wp:term":[{"taxonomy":"category","embeddable":true,"href":"https:\/\/www.kle-blatt.de\/blog\/wp-json\/wp\/v2\/categories?post=13714"},{"taxonomy":"post_tag","embeddable":true,"href":"https:\/\/www.kle-blatt.de\/blog\/wp-json\/wp\/v2\/tags?post=13714"}],"curies":[{"name":"wp","href":"https:\/\/api.w.org\/{rel}","templated":true}]}}