{"id":13828,"date":"2022-03-29T06:20:08","date_gmt":"2022-03-29T04:20:08","guid":{"rendered":"http:\/\/www.kle-blatt.de\/blog\/?p=13828"},"modified":"2022-02-22T16:00:22","modified_gmt":"2022-02-22T14:00:22","slug":"einkaufs-boulevard-die-grosse-strasse-in-kleve","status":"publish","type":"post","link":"https:\/\/www.kle-blatt.de\/blog\/kleve-in-foto-video\/einkaufs-boulevard-die-grosse-strasse-in-kleve.html","title":{"rendered":"Toller Einkaufs-Boulevard &#8211; Die Gro\u00dfe Stra\u00dfe in Kleve"},"content":{"rendered":"<p><strong>Toller Einkaufs-Boulevard &#8211; Die Gro\u00dfe Stra\u00dfe in Kleve<\/strong><\/p>\n<p>Man mag es kaum glauben, aber so feudal und &#8222;gro\u00dfst\u00e4dtisch&#8220; pr\u00e4sentierte sich die Gro\u00dfe Stra\u00dfe in Cleve im Jahre 1932 dem Betrachter.<br \/>\nWundersch\u00f6ne Gesch\u00e4ftsh\u00e4user mit nostalgischen Markisen und umfangreichen Auslagen luden die B\u00fcrgerinnen und B\u00fcrger zum Schaufensterbummel ein. Links im Vordergrund sehen wir das Eckgeb\u00e4ude, in dem heute Foto Porst ans\u00e4ssig ist. Der in der Bildmitte zu erkennende Turm war die Evangelische Kirche.<br \/>\nMan sieht, das zu dieser Zeit eine entsprechend modische Kopfbedeckung bei den Damen, aber auch bei den Herren zwingend erforderlich war. \ud83d\ude09<\/p>\n<p><a href=\"http:\/\/www.kle-blatt.de\/blog\/wp-content\/uploads\/2015\/01\/001-gro\u00dfe-stra\u00dfe-1932.jpg\"><img loading=\"lazy\" decoding=\"async\" class=\"size-full wp-image-13829 aligncenter\" src=\"https:\/\/www.kle-blatt.de\/blog\/wp-content\/uploads\/2015\/01\/001-gro\u00dfe-stra\u00dfe-1932.jpg\" alt=\"Toller Einkaufs-Boulevard - Die Gro\u00dfe Stra\u00dfe in Kleve\" width=\"850\" height=\"592\" \/><\/a><\/p>\n","protected":false},"excerpt":{"rendered":"<p>Toller Einkaufs-Boulevard &#8211; Die Gro\u00dfe Stra\u00dfe in Kleve Man mag es kaum glauben, aber so feudal und &#8222;gro\u00dfst\u00e4dtisch&#8220; pr\u00e4sentierte sich &hellip; <a href=\"https:\/\/www.kle-blatt.de\/blog\/kleve-in-foto-video\/einkaufs-boulevard-die-grosse-strasse-in-kleve.html\" class=\"more-link\"><span class=\"more-button\">Weiterlesen<span class=\"screen-reader-text\">Toller Einkaufs-Boulevard &#8211; Die Gro\u00dfe Stra\u00dfe in Kleve<\/span><\/span><\/a><\/p>\n","protected":false},"author":2,"featured_media":13829,"comment_status":"open","ping_status":"closed","sticky":false,"template":"","format":"standard","meta":{"footnotes":""},"categories":[3],"tags":[2882],"class_list":["post-13828","post","type-post","status-publish","format-standard","has-post-thumbnail","hentry","category-kleve-in-foto-video","tag-einkaufs-boulevard-die-grosse-strasse-in-kleve"],"_links":{"self":[{"href":"https:\/\/www.kle-blatt.de\/blog\/wp-json\/wp\/v2\/posts\/13828","targetHints":{"allow":["GET"]}}],"collection":[{"href":"https:\/\/www.kle-blatt.de\/blog\/wp-json\/wp\/v2\/posts"}],"about":[{"href":"https:\/\/www.kle-blatt.de\/blog\/wp-json\/wp\/v2\/types\/post"}],"author":[{"embeddable":true,"href":"https:\/\/www.kle-blatt.de\/blog\/wp-json\/wp\/v2\/users\/2"}],"replies":[{"embeddable":true,"href":"https:\/\/www.kle-blatt.de\/blog\/wp-json\/wp\/v2\/comments?post=13828"}],"version-history":[{"count":2,"href":"https:\/\/www.kle-blatt.de\/blog\/wp-json\/wp\/v2\/posts\/13828\/revisions"}],"predecessor-version":[{"id":30088,"href":"https:\/\/www.kle-blatt.de\/blog\/wp-json\/wp\/v2\/posts\/13828\/revisions\/30088"}],"wp:featuredmedia":[{"embeddable":true,"href":"https:\/\/www.kle-blatt.de\/blog\/wp-json\/wp\/v2\/media\/13829"}],"wp:attachment":[{"href":"https:\/\/www.kle-blatt.de\/blog\/wp-json\/wp\/v2\/media?parent=13828"}],"wp:term":[{"taxonomy":"category","embeddable":true,"href":"https:\/\/www.kle-blatt.de\/blog\/wp-json\/wp\/v2\/categories?post=13828"},{"taxonomy":"post_tag","embeddable":true,"href":"https:\/\/www.kle-blatt.de\/blog\/wp-json\/wp\/v2\/tags?post=13828"}],"curies":[{"name":"wp","href":"https:\/\/api.w.org\/{rel}","templated":true}]}}