{"id":13894,"date":"2021-03-26T07:00:01","date_gmt":"2021-03-26T05:00:01","guid":{"rendered":"http:\/\/www.kle-blatt.de\/blog\/?p=13894"},"modified":"2021-02-19T11:52:08","modified_gmt":"2021-02-19T09:52:08","slug":"die-arkaden-veranda-der-muenze","status":"publish","type":"post","link":"https:\/\/www.kle-blatt.de\/blog\/kleve-in-foto-video\/die-arkaden-veranda-der-muenze.html","title":{"rendered":"Unbekannt? Die wundervolle Arkaden-Veranda der M\u00fcnze"},"content":{"rendered":"<p><strong>Unbekannt? Die wundervolle Arkaden-Veranda der M\u00fcnze<\/strong><\/p>\n<p>Diese zauberhafte Arkaden-Veranda der M\u00fcnze wurde in 1897\/98 am Ufer des Spoykanals errichtet und bildete das Ende des riesigen Baues der damaligen Klever M\u00fcnze.<br \/>\nWie man auf dem Bild nachlesen kann, wurde das Klever Gew\u00e4sser derzeit noch &#8222;Spoikanal&#8220; geschrieben. Schon damals hatte man wohl, wie auch heute noch, gro\u00dfe Probleme, das Wasser sauber und frei von Gr\u00fcnzeug jeder Art zu halten. Manche Dinge scheinen sich nie zu \u00e4ndern. Aber warum m\u00fcssen es immer die nachteiligen sein?<\/p>\n<p><a href=\"http:\/\/www.kle-blatt.de\/blog\/wp-content\/uploads\/2015\/01\/001-spoikanal-1904.jpg\"><img loading=\"lazy\" decoding=\"async\" class=\"size-full wp-image-13895 aligncenter\" src=\"https:\/\/www.kle-blatt.de\/blog\/wp-content\/uploads\/2015\/01\/001-spoikanal-1904.jpg\" alt=\"Unbekannt? Die wundervolle Arkaden-Veranda der M\u00fcnze\" width=\"850\" height=\"596\" \/><\/a><\/p>\n","protected":false},"excerpt":{"rendered":"<p>Unbekannt? Die wundervolle Arkaden-Veranda der M\u00fcnze Diese zauberhafte Arkaden-Veranda der M\u00fcnze wurde in 1897\/98 am Ufer des Spoykanals errichtet und &hellip; <a href=\"https:\/\/www.kle-blatt.de\/blog\/kleve-in-foto-video\/die-arkaden-veranda-der-muenze.html\" class=\"more-link\"><span class=\"more-button\">Weiterlesen<span class=\"screen-reader-text\">Unbekannt? Die wundervolle Arkaden-Veranda der M\u00fcnze<\/span><\/span><\/a><\/p>\n","protected":false},"author":2,"featured_media":13895,"comment_status":"open","ping_status":"closed","sticky":false,"template":"","format":"standard","meta":{"footnotes":""},"categories":[3],"tags":[2899],"class_list":["post-13894","post","type-post","status-publish","format-standard","has-post-thumbnail","hentry","category-kleve-in-foto-video","tag-die-arkaden-veranda-der-muenze"],"_links":{"self":[{"href":"https:\/\/www.kle-blatt.de\/blog\/wp-json\/wp\/v2\/posts\/13894","targetHints":{"allow":["GET"]}}],"collection":[{"href":"https:\/\/www.kle-blatt.de\/blog\/wp-json\/wp\/v2\/posts"}],"about":[{"href":"https:\/\/www.kle-blatt.de\/blog\/wp-json\/wp\/v2\/types\/post"}],"author":[{"embeddable":true,"href":"https:\/\/www.kle-blatt.de\/blog\/wp-json\/wp\/v2\/users\/2"}],"replies":[{"embeddable":true,"href":"https:\/\/www.kle-blatt.de\/blog\/wp-json\/wp\/v2\/comments?post=13894"}],"version-history":[{"count":2,"href":"https:\/\/www.kle-blatt.de\/blog\/wp-json\/wp\/v2\/posts\/13894\/revisions"}],"predecessor-version":[{"id":28354,"href":"https:\/\/www.kle-blatt.de\/blog\/wp-json\/wp\/v2\/posts\/13894\/revisions\/28354"}],"wp:featuredmedia":[{"embeddable":true,"href":"https:\/\/www.kle-blatt.de\/blog\/wp-json\/wp\/v2\/media\/13895"}],"wp:attachment":[{"href":"https:\/\/www.kle-blatt.de\/blog\/wp-json\/wp\/v2\/media?parent=13894"}],"wp:term":[{"taxonomy":"category","embeddable":true,"href":"https:\/\/www.kle-blatt.de\/blog\/wp-json\/wp\/v2\/categories?post=13894"},{"taxonomy":"post_tag","embeddable":true,"href":"https:\/\/www.kle-blatt.de\/blog\/wp-json\/wp\/v2\/tags?post=13894"}],"curies":[{"name":"wp","href":"https:\/\/api.w.org\/{rel}","templated":true}]}}