{"id":13938,"date":"2021-03-29T07:00:48","date_gmt":"2021-03-29T05:00:48","guid":{"rendered":"http:\/\/www.kle-blatt.de\/blog\/?p=13938"},"modified":"2021-03-29T08:58:27","modified_gmt":"2021-03-29T06:58:27","slug":"die-neue-telefonzelle-am-pavillon","status":"publish","type":"post","link":"https:\/\/www.kle-blatt.de\/blog\/kleve-in-foto-video\/aus-dem-privatalbum\/die-neue-telefonzelle-am-pavillon.html","title":{"rendered":"Kanntest du noch die neue Telefonzelle am Pavillon?"},"content":{"rendered":"<p><strong>Kanntest du noch die neue Telefonzelle am Pavillon?<\/strong><\/p>\n<p>Ein nostalgisches Bild vom ehemaligen Klever Verkehrspavillon an der Herzogbr\u00fccke. Jahrelang stand eine Telefonzelle an der S\u00e4ule, die das futuristische Dach trug. Pl\u00f6tzlich war sie verschwunden und stattdessen hatte man rechts daneben eine &#8222;moderne&#8220; Telefonzelle aufgebaut, die den ganzen Charme der vorigen Einrichtung verschwinden lie\u00df. Es muss sich wohl um eine bautechnisch strategische Ma\u00dfnahme gehandelt haben. Wer wei\u00df es heute noch?<\/p>\n<p><a href=\"http:\/\/www.kle-blatt.de\/blog\/wp-content\/uploads\/2015\/02\/neue-telefonzelle.jpg\"><img loading=\"lazy\" decoding=\"async\" class=\"size-full wp-image-13939 aligncenter\" src=\"https:\/\/www.kle-blatt.de\/blog\/wp-content\/uploads\/2015\/02\/neue-telefonzelle.jpg\" alt=\"Kanntest du noch die neue Telefonzelle am Pavillon?\" width=\"850\" height=\"852\" srcset=\"https:\/\/www.kle-blatt.de\/blog\/wp-content\/uploads\/2015\/02\/neue-telefonzelle.jpg 650w, https:\/\/www.kle-blatt.de\/blog\/wp-content\/uploads\/2015\/02\/neue-telefonzelle-150x150.jpg 150w, https:\/\/www.kle-blatt.de\/blog\/wp-content\/uploads\/2015\/02\/neue-telefonzelle-300x300.jpg 300w\" sizes=\"auto, (max-width: 850px) 100vw, 850px\" \/><\/a><br \/>\n(Foto: Theo Kreusch)<\/p>\n","protected":false},"excerpt":{"rendered":"<p>Kanntest du noch die neue Telefonzelle am Pavillon? Ein nostalgisches Bild vom ehemaligen Klever Verkehrspavillon an der Herzogbr\u00fccke. Jahrelang stand &hellip; <a href=\"https:\/\/www.kle-blatt.de\/blog\/kleve-in-foto-video\/aus-dem-privatalbum\/die-neue-telefonzelle-am-pavillon.html\" class=\"more-link\"><span class=\"more-button\">Weiterlesen<span class=\"screen-reader-text\">Kanntest du noch die neue Telefonzelle am Pavillon?<\/span><\/span><\/a><\/p>\n","protected":false},"author":2,"featured_media":13939,"comment_status":"open","ping_status":"closed","sticky":false,"template":"","format":"standard","meta":{"footnotes":""},"categories":[20],"tags":[2912],"class_list":["post-13938","post","type-post","status-publish","format-standard","has-post-thumbnail","hentry","category-aus-dem-privatalbum","tag-die-neue-telefonzelle-am-pavillon"],"_links":{"self":[{"href":"https:\/\/www.kle-blatt.de\/blog\/wp-json\/wp\/v2\/posts\/13938","targetHints":{"allow":["GET"]}}],"collection":[{"href":"https:\/\/www.kle-blatt.de\/blog\/wp-json\/wp\/v2\/posts"}],"about":[{"href":"https:\/\/www.kle-blatt.de\/blog\/wp-json\/wp\/v2\/types\/post"}],"author":[{"embeddable":true,"href":"https:\/\/www.kle-blatt.de\/blog\/wp-json\/wp\/v2\/users\/2"}],"replies":[{"embeddable":true,"href":"https:\/\/www.kle-blatt.de\/blog\/wp-json\/wp\/v2\/comments?post=13938"}],"version-history":[{"count":2,"href":"https:\/\/www.kle-blatt.de\/blog\/wp-json\/wp\/v2\/posts\/13938\/revisions"}],"predecessor-version":[{"id":28360,"href":"https:\/\/www.kle-blatt.de\/blog\/wp-json\/wp\/v2\/posts\/13938\/revisions\/28360"}],"wp:featuredmedia":[{"embeddable":true,"href":"https:\/\/www.kle-blatt.de\/blog\/wp-json\/wp\/v2\/media\/13939"}],"wp:attachment":[{"href":"https:\/\/www.kle-blatt.de\/blog\/wp-json\/wp\/v2\/media?parent=13938"}],"wp:term":[{"taxonomy":"category","embeddable":true,"href":"https:\/\/www.kle-blatt.de\/blog\/wp-json\/wp\/v2\/categories?post=13938"},{"taxonomy":"post_tag","embeddable":true,"href":"https:\/\/www.kle-blatt.de\/blog\/wp-json\/wp\/v2\/tags?post=13938"}],"curies":[{"name":"wp","href":"https:\/\/api.w.org\/{rel}","templated":true}]}}