{"id":13954,"date":"2020-03-02T07:10:04","date_gmt":"2020-03-02T05:10:04","guid":{"rendered":"http:\/\/www.kle-blatt.de\/blog\/?p=13954"},"modified":"2020-01-21T13:49:45","modified_gmt":"2020-01-21T11:49:45","slug":"die-union-fassade-von-kleve","status":"publish","type":"post","link":"https:\/\/www.kle-blatt.de\/blog\/kleve-in-foto-video\/aus-dem-privatalbum\/die-union-fassade-von-kleve.html","title":{"rendered":"Erinnerst Du Dich noch an die Union-Fassade von Kleve?"},"content":{"rendered":"<p><strong>Erinnerst Du Dich noch an die Union-Fassade von Kleve?<\/strong><\/p>\n<p>Zuletzt waren die Fenster zum gro\u00dfen Teil zerbrochen und zerst\u00f6rt. Diese Ansicht werden viele Klever B\u00fcrger wohl nicht mehr vergessen. Es kann leider niemand mehr von innen hinaus auf die Schwanenburg schauen k\u00f6nnen, wie es damals noch der Fall war, als hier emsige Menschen ihrer B\u00fcrot\u00e4tigkeit nachgingen. Der einstige &#8222;Klever Stolz&#8220; ist dahin.<\/p>\n<p><a href=\"http:\/\/www.kle-blatt.de\/blog\/wp-content\/uploads\/2015\/02\/union.jpg\"><img loading=\"lazy\" decoding=\"async\" class=\"alignleft size-full wp-image-13955\" src=\"http:\/\/www.kle-blatt.de\/blog\/wp-content\/uploads\/2015\/02\/union.jpg\" alt=\"Erinnerst Du Dich noch an die Union-Fassade von Kleve?\" width=\"849\" height=\"529\" \/><\/a><br \/>\n(Foto: Oliver Gubbels)<\/p>\n","protected":false},"excerpt":{"rendered":"<p>Erinnerst Du Dich noch an die Union-Fassade von Kleve? Zuletzt waren die Fenster zum gro\u00dfen Teil zerbrochen und zerst\u00f6rt. Diese &hellip; <a href=\"https:\/\/www.kle-blatt.de\/blog\/kleve-in-foto-video\/aus-dem-privatalbum\/die-union-fassade-von-kleve.html\" class=\"more-link\"><span class=\"more-button\">Weiterlesen<span class=\"screen-reader-text\">Erinnerst Du Dich noch an die Union-Fassade von Kleve?<\/span><\/span><\/a><\/p>\n","protected":false},"author":2,"featured_media":0,"comment_status":"open","ping_status":"closed","sticky":false,"template":"","format":"standard","meta":{"footnotes":""},"categories":[20],"tags":[2917],"class_list":["post-13954","post","type-post","status-publish","format-standard","hentry","category-aus-dem-privatalbum","tag-die-union-fassade-von-kleve"],"_links":{"self":[{"href":"https:\/\/www.kle-blatt.de\/blog\/wp-json\/wp\/v2\/posts\/13954","targetHints":{"allow":["GET"]}}],"collection":[{"href":"https:\/\/www.kle-blatt.de\/blog\/wp-json\/wp\/v2\/posts"}],"about":[{"href":"https:\/\/www.kle-blatt.de\/blog\/wp-json\/wp\/v2\/types\/post"}],"author":[{"embeddable":true,"href":"https:\/\/www.kle-blatt.de\/blog\/wp-json\/wp\/v2\/users\/2"}],"replies":[{"embeddable":true,"href":"https:\/\/www.kle-blatt.de\/blog\/wp-json\/wp\/v2\/comments?post=13954"}],"version-history":[{"count":0,"href":"https:\/\/www.kle-blatt.de\/blog\/wp-json\/wp\/v2\/posts\/13954\/revisions"}],"wp:attachment":[{"href":"https:\/\/www.kle-blatt.de\/blog\/wp-json\/wp\/v2\/media?parent=13954"}],"wp:term":[{"taxonomy":"category","embeddable":true,"href":"https:\/\/www.kle-blatt.de\/blog\/wp-json\/wp\/v2\/categories?post=13954"},{"taxonomy":"post_tag","embeddable":true,"href":"https:\/\/www.kle-blatt.de\/blog\/wp-json\/wp\/v2\/tags?post=13954"}],"curies":[{"name":"wp","href":"https:\/\/api.w.org\/{rel}","templated":true}]}}