{"id":14063,"date":"2021-03-10T07:00:35","date_gmt":"2021-03-10T05:00:35","guid":{"rendered":"http:\/\/www.kle-blatt.de\/blog\/?p=14063"},"modified":"2021-02-16T12:40:37","modified_gmt":"2021-02-16T10:40:37","slug":"der-marsch-auf-kleve","status":"publish","type":"post","link":"https:\/\/www.kle-blatt.de\/blog\/kleve-in-foto-video\/der-marsch-auf-kleve.html","title":{"rendered":"Doch &#8211; das gab es: Der Marsch auf Kleve"},"content":{"rendered":"<p><strong>Doch &#8211; das gab es: Der Marsch auf Kleve<\/strong><\/p>\n<p>Am 11. August 1951 kam es infolge einer damals als so bezeichneten &#8222;Versammlung revolution\u00e4ren Charakters&#8220; im Rahmen eines jahrzehntelang w\u00e4hrenden Streites zwischen Kleve und Kellen um die Eingemeindung zum so genannten &#8222;Marsch auf Kleve&#8220;. Die Stadt Kleve beneidete den durch die Steuereinnahmen der gro\u00dfen Werke van den Bergh, Bensdorp und XOX finanzkr\u00e4ftig gewordenen Industrievorort und dr\u00e4ngte daher auf die Eingemeindung, die &#8211; wie man wei\u00df &#8211; dann letztlich auch gelang.<br \/>\nIm Vordergrund des Bildes sehen wir zwei Jungen mit einem Transparent auf dem Stand: &#8222;Wir sind keine Parteien, wir sind B\u00fcrger von Kellen!&#8220;, was immer das f\u00fcr den Zweck der Veranstaltung zu bedeuten hatte. Man \u00fcberschritt hier gerade die Grenze von Kellen nach Kleve von der Emmericher Stra\u00dfe aus an der &#8222;Gl\u00fcck-auf-Schranke&#8220;, die zuf\u00e4llig einmal den Weg freigab.<\/p>\n<p><a href=\"http:\/\/www.kle-blatt.de\/blog\/wp-content\/uploads\/2015\/02\/marsch-auf-kleve-1951.jpg\"><img loading=\"lazy\" decoding=\"async\" class=\"size-full wp-image-14064 aligncenter\" src=\"https:\/\/www.kle-blatt.de\/blog\/wp-content\/uploads\/2015\/02\/marsch-auf-kleve-1951.jpg\" alt=\"Doch - das gab es: Der Marsch auf Kleve\" width=\"850\" height=\"970\" \/><\/a><br \/>\n(Foto: Fritz Getlinger \u2013 mit freundlicher Genehmigung von Frau Katrin Getlinger-Wessing)<\/p>\n","protected":false},"excerpt":{"rendered":"<p>Doch &#8211; das gab es: Der Marsch auf Kleve Am 11. August 1951 kam es infolge einer damals als so &hellip; <a href=\"https:\/\/www.kle-blatt.de\/blog\/kleve-in-foto-video\/der-marsch-auf-kleve.html\" class=\"more-link\"><span class=\"more-button\">Weiterlesen<span class=\"screen-reader-text\">Doch &#8211; das gab es: Der Marsch auf Kleve<\/span><\/span><\/a><\/p>\n","protected":false},"author":2,"featured_media":14064,"comment_status":"open","ping_status":"closed","sticky":false,"template":"","format":"standard","meta":{"footnotes":""},"categories":[3],"tags":[2944],"class_list":["post-14063","post","type-post","status-publish","format-standard","has-post-thumbnail","hentry","category-kleve-in-foto-video","tag-der-marsch-auf-kleve"],"_links":{"self":[{"href":"https:\/\/www.kle-blatt.de\/blog\/wp-json\/wp\/v2\/posts\/14063","targetHints":{"allow":["GET"]}}],"collection":[{"href":"https:\/\/www.kle-blatt.de\/blog\/wp-json\/wp\/v2\/posts"}],"about":[{"href":"https:\/\/www.kle-blatt.de\/blog\/wp-json\/wp\/v2\/types\/post"}],"author":[{"embeddable":true,"href":"https:\/\/www.kle-blatt.de\/blog\/wp-json\/wp\/v2\/users\/2"}],"replies":[{"embeddable":true,"href":"https:\/\/www.kle-blatt.de\/blog\/wp-json\/wp\/v2\/comments?post=14063"}],"version-history":[{"count":2,"href":"https:\/\/www.kle-blatt.de\/blog\/wp-json\/wp\/v2\/posts\/14063\/revisions"}],"predecessor-version":[{"id":28324,"href":"https:\/\/www.kle-blatt.de\/blog\/wp-json\/wp\/v2\/posts\/14063\/revisions\/28324"}],"wp:featuredmedia":[{"embeddable":true,"href":"https:\/\/www.kle-blatt.de\/blog\/wp-json\/wp\/v2\/media\/14064"}],"wp:attachment":[{"href":"https:\/\/www.kle-blatt.de\/blog\/wp-json\/wp\/v2\/media?parent=14063"}],"wp:term":[{"taxonomy":"category","embeddable":true,"href":"https:\/\/www.kle-blatt.de\/blog\/wp-json\/wp\/v2\/categories?post=14063"},{"taxonomy":"post_tag","embeddable":true,"href":"https:\/\/www.kle-blatt.de\/blog\/wp-json\/wp\/v2\/tags?post=14063"}],"curies":[{"name":"wp","href":"https:\/\/api.w.org\/{rel}","templated":true}]}}