{"id":14077,"date":"2021-03-06T07:00:07","date_gmt":"2021-03-06T05:00:07","guid":{"rendered":"http:\/\/www.kle-blatt.de\/blog\/?p=14077"},"modified":"2021-02-16T12:29:01","modified_gmt":"2021-02-16T10:29:01","slug":"brabanterstrasse-oder-schlossstrasse-in-kleve","status":"publish","type":"post","link":"https:\/\/www.kle-blatt.de\/blog\/kleve-in-foto-video\/brabanterstrasse-oder-schlossstrasse-in-kleve.html","title":{"rendered":"Was glaubst Du? Brabanterstra\u00dfe oder Schlo\u00dfstra\u00dfe?"},"content":{"rendered":"<p><strong>Was glaubst Du? Brabanterstra\u00dfe oder Schlo\u00dfstra\u00dfe?<\/strong><\/p>\n<p>Beides trifft zu!<br \/>\nVor\u00a0Beginn des 20. Jahrhunderts nannte man die Brabanterstra\u00dfe noch Schlo\u00dfstra\u00dfe. Die Aufnahme entstand vom &#8222;Kleinen Exerzierplatz&#8220; aus, der damals der &#8222;Neuen Kaserne&#8220; gegen\u00fcber lag. Am \u00e4u\u00dferen Bildrand rechts\u00a0erkennt man noch den Turm vom Freiherr-von-Stein-Gymnasium, derzeit wie nachzulesen &#8222;Neues Gymnasium&#8220; genannt. Es war zu einer Zeit, als Kleve in diesem Bereich noch sehr \u00fcbersichtlich bestaunt werden konnte.<\/p>\n<p><a href=\"http:\/\/www.kle-blatt.de\/blog\/wp-content\/uploads\/2015\/02\/brabanter-30.jpg\"><img loading=\"lazy\" decoding=\"async\" class=\"size-full wp-image-14078 aligncenter\" src=\"https:\/\/www.kle-blatt.de\/blog\/wp-content\/uploads\/2015\/02\/brabanter-30.jpg\" alt=\"Was glaubst Du? Brabanterstra\u00dfe oder Schlo\u00dfstra\u00dfe?\" width=\"850\" height=\"553\" \/><\/a><\/p>\n","protected":false},"excerpt":{"rendered":"<p>Was glaubst Du? Brabanterstra\u00dfe oder Schlo\u00dfstra\u00dfe? Beides trifft zu! Vor\u00a0Beginn des 20. Jahrhunderts nannte man die Brabanterstra\u00dfe noch Schlo\u00dfstra\u00dfe. Die &hellip; <a href=\"https:\/\/www.kle-blatt.de\/blog\/kleve-in-foto-video\/brabanterstrasse-oder-schlossstrasse-in-kleve.html\" class=\"more-link\"><span class=\"more-button\">Weiterlesen<span class=\"screen-reader-text\">Was glaubst Du? Brabanterstra\u00dfe oder Schlo\u00dfstra\u00dfe?<\/span><\/span><\/a><\/p>\n","protected":false},"author":2,"featured_media":14078,"comment_status":"open","ping_status":"closed","sticky":false,"template":"","format":"standard","meta":{"footnotes":""},"categories":[3],"tags":[2948],"class_list":["post-14077","post","type-post","status-publish","format-standard","has-post-thumbnail","hentry","category-kleve-in-foto-video","tag-brabanterstrasse-oder-schlossstrasse-in-kleve"],"_links":{"self":[{"href":"https:\/\/www.kle-blatt.de\/blog\/wp-json\/wp\/v2\/posts\/14077","targetHints":{"allow":["GET"]}}],"collection":[{"href":"https:\/\/www.kle-blatt.de\/blog\/wp-json\/wp\/v2\/posts"}],"about":[{"href":"https:\/\/www.kle-blatt.de\/blog\/wp-json\/wp\/v2\/types\/post"}],"author":[{"embeddable":true,"href":"https:\/\/www.kle-blatt.de\/blog\/wp-json\/wp\/v2\/users\/2"}],"replies":[{"embeddable":true,"href":"https:\/\/www.kle-blatt.de\/blog\/wp-json\/wp\/v2\/comments?post=14077"}],"version-history":[{"count":1,"href":"https:\/\/www.kle-blatt.de\/blog\/wp-json\/wp\/v2\/posts\/14077\/revisions"}],"predecessor-version":[{"id":28317,"href":"https:\/\/www.kle-blatt.de\/blog\/wp-json\/wp\/v2\/posts\/14077\/revisions\/28317"}],"wp:featuredmedia":[{"embeddable":true,"href":"https:\/\/www.kle-blatt.de\/blog\/wp-json\/wp\/v2\/media\/14078"}],"wp:attachment":[{"href":"https:\/\/www.kle-blatt.de\/blog\/wp-json\/wp\/v2\/media?parent=14077"}],"wp:term":[{"taxonomy":"category","embeddable":true,"href":"https:\/\/www.kle-blatt.de\/blog\/wp-json\/wp\/v2\/categories?post=14077"},{"taxonomy":"post_tag","embeddable":true,"href":"https:\/\/www.kle-blatt.de\/blog\/wp-json\/wp\/v2\/tags?post=14077"}],"curies":[{"name":"wp","href":"https:\/\/api.w.org\/{rel}","templated":true}]}}