{"id":14303,"date":"2024-04-17T07:10:29","date_gmt":"2024-04-17T05:10:29","guid":{"rendered":"http:\/\/www.kle-blatt.de\/blog\/?p=14303"},"modified":"2024-03-08T15:22:45","modified_gmt":"2024-03-08T13:22:45","slug":"die-aelteste-drogerie-von-kleve","status":"publish","type":"post","link":"https:\/\/www.kle-blatt.de\/blog\/kleve-in-foto-video\/die-aelteste-drogerie-von-kleve.html","title":{"rendered":"Wusstest Du das? Die \u00e4lteste Drogerie von Kleve"},"content":{"rendered":"<p><strong>Wusstest Du das? Die \u00e4lteste Drogerie von Kleve<\/strong><\/p>\n<p>Auf diesem Geb\u00e4ude l\u00e4sst sich unschwer entziffern, wann es erbaut wurde. N\u00e4mlich Anno 1697. Hier befand sich die Drogerie Naegele im Schatten der \u00fcber ihr thronenden Schwanenburg. Ein unvergessenes Klever Traditionsunternehmen.<\/p>\n<p><a href=\"http:\/\/www.kle-blatt.de\/blog\/wp-content\/uploads\/2015\/03\/naegele.jpg\"><img loading=\"lazy\" decoding=\"async\" class=\"size-full wp-image-14305 aligncenter\" src=\"http:\/\/www.kle-blatt.de\/blog\/wp-content\/uploads\/2015\/03\/naegele.jpg\" alt=\"Wusstest Du das? Die \u00e4lteste Drogerie von Kleve\" width=\"850\" height=\"1193\" \/><\/a><\/p>\n","protected":false},"excerpt":{"rendered":"<p>Wusstest Du das? Die \u00e4lteste Drogerie von Kleve Auf diesem Geb\u00e4ude l\u00e4sst sich unschwer entziffern, wann es erbaut wurde. N\u00e4mlich &hellip; <a href=\"https:\/\/www.kle-blatt.de\/blog\/kleve-in-foto-video\/die-aelteste-drogerie-von-kleve.html\" class=\"more-link\"><span class=\"more-button\">Weiterlesen<span class=\"screen-reader-text\">Wusstest Du das? Die \u00e4lteste Drogerie von Kleve<\/span><\/span><\/a><\/p>\n","protected":false},"author":2,"featured_media":14305,"comment_status":"closed","ping_status":"closed","sticky":false,"template":"","format":"standard","meta":{"footnotes":""},"categories":[3],"tags":[2982],"class_list":["post-14303","post","type-post","status-publish","format-standard","has-post-thumbnail","hentry","category-kleve-in-foto-video","tag-die-aelteste-drogerie-von-kleve"],"_links":{"self":[{"href":"https:\/\/www.kle-blatt.de\/blog\/wp-json\/wp\/v2\/posts\/14303","targetHints":{"allow":["GET"]}}],"collection":[{"href":"https:\/\/www.kle-blatt.de\/blog\/wp-json\/wp\/v2\/posts"}],"about":[{"href":"https:\/\/www.kle-blatt.de\/blog\/wp-json\/wp\/v2\/types\/post"}],"author":[{"embeddable":true,"href":"https:\/\/www.kle-blatt.de\/blog\/wp-json\/wp\/v2\/users\/2"}],"replies":[{"embeddable":true,"href":"https:\/\/www.kle-blatt.de\/blog\/wp-json\/wp\/v2\/comments?post=14303"}],"version-history":[{"count":1,"href":"https:\/\/www.kle-blatt.de\/blog\/wp-json\/wp\/v2\/posts\/14303\/revisions"}],"predecessor-version":[{"id":33591,"href":"https:\/\/www.kle-blatt.de\/blog\/wp-json\/wp\/v2\/posts\/14303\/revisions\/33591"}],"wp:featuredmedia":[{"embeddable":true,"href":"https:\/\/www.kle-blatt.de\/blog\/wp-json\/wp\/v2\/media\/14305"}],"wp:attachment":[{"href":"https:\/\/www.kle-blatt.de\/blog\/wp-json\/wp\/v2\/media?parent=14303"}],"wp:term":[{"taxonomy":"category","embeddable":true,"href":"https:\/\/www.kle-blatt.de\/blog\/wp-json\/wp\/v2\/categories?post=14303"},{"taxonomy":"post_tag","embeddable":true,"href":"https:\/\/www.kle-blatt.de\/blog\/wp-json\/wp\/v2\/tags?post=14303"}],"curies":[{"name":"wp","href":"https:\/\/api.w.org\/{rel}","templated":true}]}}