{"id":14310,"date":"2022-04-28T06:10:13","date_gmt":"2022-04-28T04:10:13","guid":{"rendered":"http:\/\/www.kle-blatt.de\/blog\/?p=14310"},"modified":"2022-04-28T09:27:44","modified_gmt":"2022-04-28T07:27:44","slug":"als-elsa-noch-schlank-war","status":"publish","type":"post","link":"https:\/\/www.kle-blatt.de\/blog\/kultur\/als-elsa-noch-schlank-war.html","title":{"rendered":"Sehr sch\u00f6n: Als Elsa noch schlank war"},"content":{"rendered":"<p><strong>Als Elsa noch schlank war<\/strong><\/p>\n<p>Irgendwie schade, das der K\u00fcnstler des Elsa-Brunnens von Kleve dieses Bild nicht als Vorlage f\u00fcr seine Plastik genommen hat. Hier sehen wir Elsa als attraktive h\u00fcbsche langhaarige junge Frau, die sich z\u00e4rtlich an ihren schmucken b\u00e4rtigen Ritter schmiegt. Selbst der Schwan schaut vertr\u00e4umt zu.<br \/>\nDas Denkmal pr\u00e4sentiert eine zerrende Frau, die ihren ausgemergelten Mann zur\u00fcck halten will. Warum eigentlich? \ud83d\ude09<\/p>\n<p><a href=\"http:\/\/www.kle-blatt.de\/blog\/wp-content\/uploads\/2015\/03\/schwanenritter.jpg\"><img loading=\"lazy\" decoding=\"async\" class=\"size-full wp-image-14311 aligncenter\" src=\"https:\/\/www.kle-blatt.de\/blog\/wp-content\/uploads\/2015\/03\/schwanenritter.jpg\" alt=\"Als Elsa noch schlank war\" width=\"850\" height=\"1320\" \/><\/a><\/p>\n","protected":false},"excerpt":{"rendered":"<p>Als Elsa noch schlank war Irgendwie schade, das der K\u00fcnstler des Elsa-Brunnens von Kleve dieses Bild nicht als Vorlage f\u00fcr &hellip; <a href=\"https:\/\/www.kle-blatt.de\/blog\/kultur\/als-elsa-noch-schlank-war.html\" class=\"more-link\"><span class=\"more-button\">Weiterlesen<span class=\"screen-reader-text\">Sehr sch\u00f6n: Als Elsa noch schlank war<\/span><\/span><\/a><\/p>\n","protected":false},"author":2,"featured_media":14311,"comment_status":"open","ping_status":"closed","sticky":false,"template":"","format":"standard","meta":{"footnotes":""},"categories":[4],"tags":[2984],"class_list":["post-14310","post","type-post","status-publish","format-standard","has-post-thumbnail","hentry","category-kultur","tag-als-elsa-noch-schlank-war"],"_links":{"self":[{"href":"https:\/\/www.kle-blatt.de\/blog\/wp-json\/wp\/v2\/posts\/14310","targetHints":{"allow":["GET"]}}],"collection":[{"href":"https:\/\/www.kle-blatt.de\/blog\/wp-json\/wp\/v2\/posts"}],"about":[{"href":"https:\/\/www.kle-blatt.de\/blog\/wp-json\/wp\/v2\/types\/post"}],"author":[{"embeddable":true,"href":"https:\/\/www.kle-blatt.de\/blog\/wp-json\/wp\/v2\/users\/2"}],"replies":[{"embeddable":true,"href":"https:\/\/www.kle-blatt.de\/blog\/wp-json\/wp\/v2\/comments?post=14310"}],"version-history":[{"count":2,"href":"https:\/\/www.kle-blatt.de\/blog\/wp-json\/wp\/v2\/posts\/14310\/revisions"}],"predecessor-version":[{"id":30459,"href":"https:\/\/www.kle-blatt.de\/blog\/wp-json\/wp\/v2\/posts\/14310\/revisions\/30459"}],"wp:featuredmedia":[{"embeddable":true,"href":"https:\/\/www.kle-blatt.de\/blog\/wp-json\/wp\/v2\/media\/14311"}],"wp:attachment":[{"href":"https:\/\/www.kle-blatt.de\/blog\/wp-json\/wp\/v2\/media?parent=14310"}],"wp:term":[{"taxonomy":"category","embeddable":true,"href":"https:\/\/www.kle-blatt.de\/blog\/wp-json\/wp\/v2\/categories?post=14310"},{"taxonomy":"post_tag","embeddable":true,"href":"https:\/\/www.kle-blatt.de\/blog\/wp-json\/wp\/v2\/tags?post=14310"}],"curies":[{"name":"wp","href":"https:\/\/api.w.org\/{rel}","templated":true}]}}