{"id":14353,"date":"2017-04-24T07:10:00","date_gmt":"2017-04-24T05:10:00","guid":{"rendered":"http:\/\/www.kle-blatt.de\/blog\/?p=14353"},"modified":"2017-03-28T11:34:44","modified_gmt":"2017-03-28T09:34:44","slug":"die-schmetterlinge-sind-wieder-da","status":"publish","type":"post","link":"https:\/\/www.kle-blatt.de\/blog\/kleve-in-foto-video\/aus-dem-privatalbum\/die-schmetterlinge-sind-wieder-da.html","title":{"rendered":"Die Schmetterlinge sind wieder da"},"content":{"rendered":"<p><strong>Die Schmetterlinge sind wieder da<\/strong><\/p>\n<p>Da kann man nur sagen: Herzlich willkommen ihr zarten, bunten, liebenswerten Gesch\u00f6pfe des Fr\u00fchlings und des Sommers. In Klever G\u00e4rten flattert es wieder in allen Farben. Natur in ihrer sch\u00f6nsten Form.<br \/>\n<a href=\"http:\/\/www.kle-blatt.de\/blog\/wp-content\/uploads\/2015\/03\/butterfly_resting_on_heart_500_clr_242.gif\"><img loading=\"lazy\" decoding=\"async\" class=\"alignleft size-full wp-image-14355\" src=\"http:\/\/www.kle-blatt.de\/blog\/wp-content\/uploads\/2015\/03\/butterfly_resting_on_heart_500_clr_242.gif\" alt=\"Die Schmetterlinge sind wieder da\" width=\"850\" height=\"632\" \/><\/a><\/p>\n<p><a href=\"http:\/\/www.kle-blatt.de\/blog\/wp-content\/uploads\/2015\/03\/schmetterling2.jpg\"><img loading=\"lazy\" decoding=\"async\" class=\"alignleft size-full wp-image-14354\" src=\"http:\/\/www.kle-blatt.de\/blog\/wp-content\/uploads\/2015\/03\/schmetterling2.jpg\" alt=\"Die Schmetterlinge sind wieder da\" width=\"849\" height=\"623\" \/><\/a><br \/>\n(Foto: Duck (Hans-Wilhelm Heek))<\/p>\n<p><a href=\"http:\/\/www.kle-blatt.de\/blog\/wp-content\/uploads\/2015\/03\/butterfly_flying_with_growing_vine_500_clr_238.gif\"><img loading=\"lazy\" decoding=\"async\" class=\"alignleft size-full wp-image-14356\" src=\"http:\/\/www.kle-blatt.de\/blog\/wp-content\/uploads\/2015\/03\/butterfly_flying_with_growing_vine_500_clr_238.gif\" alt=\"Die Schmetterlinge sind wieder da\" width=\"883\" height=\"950\" \/><\/a><\/p>\n","protected":false},"excerpt":{"rendered":"<p>Die Schmetterlinge sind wieder da Da kann man nur sagen: Herzlich willkommen ihr zarten, bunten, liebenswerten Gesch\u00f6pfe des Fr\u00fchlings und &hellip; <a href=\"https:\/\/www.kle-blatt.de\/blog\/kleve-in-foto-video\/aus-dem-privatalbum\/die-schmetterlinge-sind-wieder-da.html\" class=\"more-link\"><span class=\"more-button\">Weiterlesen<span class=\"screen-reader-text\">Die Schmetterlinge sind wieder da<\/span><\/span><\/a><\/p>\n","protected":false},"author":2,"featured_media":0,"comment_status":"open","ping_status":"closed","sticky":false,"template":"","format":"standard","meta":{"footnotes":""},"categories":[20],"tags":[2998],"class_list":["post-14353","post","type-post","status-publish","format-standard","hentry","category-aus-dem-privatalbum","tag-die-schmetterlinge-sind-wieder-da"],"_links":{"self":[{"href":"https:\/\/www.kle-blatt.de\/blog\/wp-json\/wp\/v2\/posts\/14353","targetHints":{"allow":["GET"]}}],"collection":[{"href":"https:\/\/www.kle-blatt.de\/blog\/wp-json\/wp\/v2\/posts"}],"about":[{"href":"https:\/\/www.kle-blatt.de\/blog\/wp-json\/wp\/v2\/types\/post"}],"author":[{"embeddable":true,"href":"https:\/\/www.kle-blatt.de\/blog\/wp-json\/wp\/v2\/users\/2"}],"replies":[{"embeddable":true,"href":"https:\/\/www.kle-blatt.de\/blog\/wp-json\/wp\/v2\/comments?post=14353"}],"version-history":[{"count":0,"href":"https:\/\/www.kle-blatt.de\/blog\/wp-json\/wp\/v2\/posts\/14353\/revisions"}],"wp:attachment":[{"href":"https:\/\/www.kle-blatt.de\/blog\/wp-json\/wp\/v2\/media?parent=14353"}],"wp:term":[{"taxonomy":"category","embeddable":true,"href":"https:\/\/www.kle-blatt.de\/blog\/wp-json\/wp\/v2\/categories?post=14353"},{"taxonomy":"post_tag","embeddable":true,"href":"https:\/\/www.kle-blatt.de\/blog\/wp-json\/wp\/v2\/tags?post=14353"}],"curies":[{"name":"wp","href":"https:\/\/api.w.org\/{rel}","templated":true}]}}