{"id":14369,"date":"2023-04-15T07:00:41","date_gmt":"2023-04-15T05:00:41","guid":{"rendered":"http:\/\/www.kle-blatt.de\/blog\/?p=14369"},"modified":"2023-03-16T11:56:32","modified_gmt":"2023-03-16T09:56:32","slug":"spar-fest-im-franziskaner-an-der-stadthalle","status":"publish","type":"post","link":"https:\/\/www.kle-blatt.de\/blog\/kleve-in-foto-video\/aus-dem-privatalbum\/spar-fest-im-franziskaner-an-der-stadthalle.html","title":{"rendered":"Spar-Fest im Franziskaner an der Stadthalle"},"content":{"rendered":"<p><strong>Spar-Fest im Franziskaner an der Stadthalle<\/strong><\/p>\n<p>Hier sehen wir die ehemalige &#8222;Nordkurve&#8220; der Gastst\u00e4tte &#8222;Franziskaner&#8220;, als noch Walter Hottgenroth den Betrieb f\u00fchrte. Das Lokal ist geschm\u00fcckt f\u00fcr ein Spar-Fest, das Anfang der Neunziger Jahre dort stattfand.<\/p>\n<p><a href=\"http:\/\/www.kle-blatt.de\/blog\/wp-content\/uploads\/2015\/03\/sparfest31.jpg\"><img loading=\"lazy\" decoding=\"async\" class=\"size-full wp-image-14370 aligncenter\" src=\"https:\/\/www.kle-blatt.de\/blog\/wp-content\/uploads\/2015\/03\/sparfest31.jpg\" alt=\"Spar-Fest im Franziskaner an der Stadthalle\" width=\"850\" height=\"540\" \/><\/a><br \/>\n(Foto: KLE-Blatt)<\/p>\n","protected":false},"excerpt":{"rendered":"<p>Spar-Fest im Franziskaner an der Stadthalle Hier sehen wir die ehemalige &#8222;Nordkurve&#8220; der Gastst\u00e4tte &#8222;Franziskaner&#8220;, als noch Walter Hottgenroth den &hellip; <a href=\"https:\/\/www.kle-blatt.de\/blog\/kleve-in-foto-video\/aus-dem-privatalbum\/spar-fest-im-franziskaner-an-der-stadthalle.html\" class=\"more-link\"><span class=\"more-button\">Weiterlesen<span class=\"screen-reader-text\">Spar-Fest im Franziskaner an der Stadthalle<\/span><\/span><\/a><\/p>\n","protected":false},"author":2,"featured_media":14370,"comment_status":"open","ping_status":"closed","sticky":false,"template":"","format":"standard","meta":{"footnotes":""},"categories":[20],"tags":[3002],"class_list":["post-14369","post","type-post","status-publish","format-standard","has-post-thumbnail","hentry","category-aus-dem-privatalbum","tag-spar-fest-im-franziskaner-an-der-stadthalle"],"_links":{"self":[{"href":"https:\/\/www.kle-blatt.de\/blog\/wp-json\/wp\/v2\/posts\/14369","targetHints":{"allow":["GET"]}}],"collection":[{"href":"https:\/\/www.kle-blatt.de\/blog\/wp-json\/wp\/v2\/posts"}],"about":[{"href":"https:\/\/www.kle-blatt.de\/blog\/wp-json\/wp\/v2\/types\/post"}],"author":[{"embeddable":true,"href":"https:\/\/www.kle-blatt.de\/blog\/wp-json\/wp\/v2\/users\/2"}],"replies":[{"embeddable":true,"href":"https:\/\/www.kle-blatt.de\/blog\/wp-json\/wp\/v2\/comments?post=14369"}],"version-history":[{"count":2,"href":"https:\/\/www.kle-blatt.de\/blog\/wp-json\/wp\/v2\/posts\/14369\/revisions"}],"predecessor-version":[{"id":31977,"href":"https:\/\/www.kle-blatt.de\/blog\/wp-json\/wp\/v2\/posts\/14369\/revisions\/31977"}],"wp:featuredmedia":[{"embeddable":true,"href":"https:\/\/www.kle-blatt.de\/blog\/wp-json\/wp\/v2\/media\/14370"}],"wp:attachment":[{"href":"https:\/\/www.kle-blatt.de\/blog\/wp-json\/wp\/v2\/media?parent=14369"}],"wp:term":[{"taxonomy":"category","embeddable":true,"href":"https:\/\/www.kle-blatt.de\/blog\/wp-json\/wp\/v2\/categories?post=14369"},{"taxonomy":"post_tag","embeddable":true,"href":"https:\/\/www.kle-blatt.de\/blog\/wp-json\/wp\/v2\/tags?post=14369"}],"curies":[{"name":"wp","href":"https:\/\/api.w.org\/{rel}","templated":true}]}}