{"id":14372,"date":"2023-08-07T07:20:09","date_gmt":"2023-08-07T05:20:09","guid":{"rendered":"http:\/\/www.kle-blatt.de\/blog\/?p=14372"},"modified":"2023-07-16T12:33:17","modified_gmt":"2023-07-16T10:33:17","slug":"i-doetzchen-am-ersten-schultag","status":"publish","type":"post","link":"https:\/\/www.kle-blatt.de\/blog\/kleve-in-foto-video\/aus-dem-privatalbum\/i-doetzchen-am-ersten-schultag.html","title":{"rendered":"I-D\u00f6tzchen am ersten Schultag"},"content":{"rendered":"<p><strong>I-D\u00f6tzchen am ersten Schultag<\/strong><\/p>\n<p>Heute ist wieder die allj\u00e4hrliche Einschulung.<br \/>\nDas ist schon ein paar J\u00e4hrchen her auf diesem Bild, aber an dem ersten Schritt in die Schule hat sich bisher\u00a0nichts ge\u00e4ndert. Heute ist es nun f\u00fcr die jungen Aspiranten wieder soweit. Der Ernst des Lebens &#8211; wie man ab jetzt die Zeit nennt &#8211; beginnt. Ein kleiner Trost war damals die Schult\u00fcte, die man mit Leckereien voll packte. Heute d\u00fcrfte das eher ein Handy sein, damit man im stetigen Austausch mit seinem Nachwuchs bleiben kann. Auch die Klamotten haben sich im Laufe der Zeit ge\u00e4ndert, wie auch die Sprache und der Lehrplan. Aber eines wird immer bleiben: Man muss f\u00fcr das Leben lernen und heute starten wieder zahlreiche hoffnungsvolle Talente. \ud83d\ude42<\/p>\n<p><a href=\"http:\/\/www.kle-blatt.de\/blog\/wp-content\/uploads\/2015\/03\/schulanfang.jpg\"><img loading=\"lazy\" decoding=\"async\" class=\"size-full wp-image-14373 aligncenter\" src=\"https:\/\/www.kle-blatt.de\/blog\/wp-content\/uploads\/2015\/03\/schulanfang.jpg\" alt=\"I-D\u00f6tzchen am ersten Schultag\" width=\"850\" height=\"1200\" \/><\/a><br \/>\n(Foto: KLE-Blatt)<\/p>\n","protected":false},"excerpt":{"rendered":"<p>I-D\u00f6tzchen am ersten Schultag Heute ist wieder die allj\u00e4hrliche Einschulung. Das ist schon ein paar J\u00e4hrchen her auf diesem Bild, &hellip; <a href=\"https:\/\/www.kle-blatt.de\/blog\/kleve-in-foto-video\/aus-dem-privatalbum\/i-doetzchen-am-ersten-schultag.html\" class=\"more-link\"><span class=\"more-button\">Weiterlesen<span class=\"screen-reader-text\">I-D\u00f6tzchen am ersten Schultag<\/span><\/span><\/a><\/p>\n","protected":false},"author":2,"featured_media":14373,"comment_status":"open","ping_status":"closed","sticky":false,"template":"","format":"standard","meta":{"footnotes":""},"categories":[20],"tags":[3003],"class_list":["post-14372","post","type-post","status-publish","format-standard","has-post-thumbnail","hentry","category-aus-dem-privatalbum","tag-i-doetzchen-am-ersten-schultag"],"_links":{"self":[{"href":"https:\/\/www.kle-blatt.de\/blog\/wp-json\/wp\/v2\/posts\/14372","targetHints":{"allow":["GET"]}}],"collection":[{"href":"https:\/\/www.kle-blatt.de\/blog\/wp-json\/wp\/v2\/posts"}],"about":[{"href":"https:\/\/www.kle-blatt.de\/blog\/wp-json\/wp\/v2\/types\/post"}],"author":[{"embeddable":true,"href":"https:\/\/www.kle-blatt.de\/blog\/wp-json\/wp\/v2\/users\/2"}],"replies":[{"embeddable":true,"href":"https:\/\/www.kle-blatt.de\/blog\/wp-json\/wp\/v2\/comments?post=14372"}],"version-history":[{"count":1,"href":"https:\/\/www.kle-blatt.de\/blog\/wp-json\/wp\/v2\/posts\/14372\/revisions"}],"predecessor-version":[{"id":32455,"href":"https:\/\/www.kle-blatt.de\/blog\/wp-json\/wp\/v2\/posts\/14372\/revisions\/32455"}],"wp:featuredmedia":[{"embeddable":true,"href":"https:\/\/www.kle-blatt.de\/blog\/wp-json\/wp\/v2\/media\/14373"}],"wp:attachment":[{"href":"https:\/\/www.kle-blatt.de\/blog\/wp-json\/wp\/v2\/media?parent=14372"}],"wp:term":[{"taxonomy":"category","embeddable":true,"href":"https:\/\/www.kle-blatt.de\/blog\/wp-json\/wp\/v2\/categories?post=14372"},{"taxonomy":"post_tag","embeddable":true,"href":"https:\/\/www.kle-blatt.de\/blog\/wp-json\/wp\/v2\/tags?post=14372"}],"curies":[{"name":"wp","href":"https:\/\/api.w.org\/{rel}","templated":true}]}}