{"id":14381,"date":"2023-04-16T06:00:21","date_gmt":"2023-04-16T04:00:21","guid":{"rendered":"http:\/\/www.kle-blatt.de\/blog\/?p=14381"},"modified":"2023-03-16T12:15:32","modified_gmt":"2023-03-16T10:15:32","slug":"in-der-kirche-getrennt-braut-und-braeutigam","status":"publish","type":"post","link":"https:\/\/www.kle-blatt.de\/blog\/kleve-in-foto-video\/aus-dem-privatalbum\/in-der-kirche-getrennt-braut-und-braeutigam.html","title":{"rendered":"In der Kirche getrennt &#8211; Braut und Br\u00e4utigam"},"content":{"rendered":"<p><strong>In der Kirche getrennt &#8211; Braut und Br\u00e4utigam<\/strong><\/p>\n<p>Nun &#8211; ganz so schlimm war es nicht, als man in der Kirche die heilige Kommunion im Jahre 1962 feierte. Allerdings war es damals \u00fcblich, das M\u00e4dchen &#8211; die man ja immerhin auch als &#8222;Br\u00e4utchen&#8220; bezeichnete &#8211; und Jungen getrennt voneinander aufbewahrte bzw. platzierte. \ud83d\ude42<br \/>\nDer Vorbereitung-Unterricht daf\u00fcr muss fantastisch gelaufen sein. Alles sieht sehr geordnet und diszipliniert aus. Bis auf den kleinen Mann auf Platz 1, der sich wohl gerade schon eine von den h\u00fcbschen Grazien ausgesucht hatte.<\/p>\n<p><a href=\"http:\/\/www.kle-blatt.de\/blog\/wp-content\/uploads\/2015\/03\/1962Kleve08.jpg\"><img loading=\"lazy\" decoding=\"async\" class=\"alignleft size-full wp-image-14382\" src=\"https:\/\/www.kle-blatt.de\/blog\/wp-content\/uploads\/2015\/03\/1962Kleve08.jpg\" alt=\"In der Kirche getrennt - Braut und Br\u00e4utigam\" width=\"850\" height=\"506\" \/><\/a><br \/>\n(Foto: Rainer Killemann)<\/p>\n","protected":false},"excerpt":{"rendered":"<p>In der Kirche getrennt &#8211; Braut und Br\u00e4utigam Nun &#8211; ganz so schlimm war es nicht, als man in der &hellip; <a href=\"https:\/\/www.kle-blatt.de\/blog\/kleve-in-foto-video\/aus-dem-privatalbum\/in-der-kirche-getrennt-braut-und-braeutigam.html\" class=\"more-link\"><span class=\"more-button\">Weiterlesen<span class=\"screen-reader-text\">In der Kirche getrennt &#8211; Braut und Br\u00e4utigam<\/span><\/span><\/a><\/p>\n","protected":false},"author":2,"featured_media":14382,"comment_status":"open","ping_status":"closed","sticky":false,"template":"","format":"standard","meta":{"footnotes":""},"categories":[20],"tags":[3006],"class_list":["post-14381","post","type-post","status-publish","format-standard","has-post-thumbnail","hentry","category-aus-dem-privatalbum","tag-in-der-kirche-getrennt-braut-und-braeutigam"],"_links":{"self":[{"href":"https:\/\/www.kle-blatt.de\/blog\/wp-json\/wp\/v2\/posts\/14381","targetHints":{"allow":["GET"]}}],"collection":[{"href":"https:\/\/www.kle-blatt.de\/blog\/wp-json\/wp\/v2\/posts"}],"about":[{"href":"https:\/\/www.kle-blatt.de\/blog\/wp-json\/wp\/v2\/types\/post"}],"author":[{"embeddable":true,"href":"https:\/\/www.kle-blatt.de\/blog\/wp-json\/wp\/v2\/users\/2"}],"replies":[{"embeddable":true,"href":"https:\/\/www.kle-blatt.de\/blog\/wp-json\/wp\/v2\/comments?post=14381"}],"version-history":[{"count":2,"href":"https:\/\/www.kle-blatt.de\/blog\/wp-json\/wp\/v2\/posts\/14381\/revisions"}],"predecessor-version":[{"id":31989,"href":"https:\/\/www.kle-blatt.de\/blog\/wp-json\/wp\/v2\/posts\/14381\/revisions\/31989"}],"wp:featuredmedia":[{"embeddable":true,"href":"https:\/\/www.kle-blatt.de\/blog\/wp-json\/wp\/v2\/media\/14382"}],"wp:attachment":[{"href":"https:\/\/www.kle-blatt.de\/blog\/wp-json\/wp\/v2\/media?parent=14381"}],"wp:term":[{"taxonomy":"category","embeddable":true,"href":"https:\/\/www.kle-blatt.de\/blog\/wp-json\/wp\/v2\/categories?post=14381"},{"taxonomy":"post_tag","embeddable":true,"href":"https:\/\/www.kle-blatt.de\/blog\/wp-json\/wp\/v2\/tags?post=14381"}],"curies":[{"name":"wp","href":"https:\/\/api.w.org\/{rel}","templated":true}]}}