{"id":14387,"date":"2024-04-24T07:10:35","date_gmt":"2024-04-24T05:10:35","guid":{"rendered":"http:\/\/www.kle-blatt.de\/blog\/?p=14387"},"modified":"2024-04-24T10:20:11","modified_gmt":"2024-04-24T08:20:11","slug":"troedelmarkt-an-der-schwanenburg","status":"publish","type":"post","link":"https:\/\/www.kle-blatt.de\/blog\/kleve-in-foto-video\/aus-dem-privatalbum\/troedelmarkt-an-der-schwanenburg.html","title":{"rendered":"Warst Du dabei? Tr\u00f6delmarkt an der Schwanenburg 1983"},"content":{"rendered":"<p><strong>Warst Du dabei? Tr\u00f6delmarkt an der Schwanenburg 1983<\/strong><\/p>\n<p>Im Jahre 1983 fand &#8211; wie hier zu sehen &#8211; ein Tr\u00f6delmarkt im Schatten der Schwanenburg rund um das Denkmal des Gro\u00dfen Kurf\u00fcrsten statt. Es war ein sch\u00f6ner Sommertag und daher fanden sich entsprechend viele Besucher und Interessenten ein, um sich eventuell ein Schn\u00e4ppchen zu sichern. <\/p>\n<p><a href=\"http:\/\/www.kle-blatt.de\/blog\/wp-content\/uploads\/2015\/03\/tr\u00f6delmarkt-1983.jpg\"><img loading=\"lazy\" decoding=\"async\" class=\"size-full wp-image-14388 aligncenter\" src=\"https:\/\/www.kle-blatt.de\/blog\/wp-content\/uploads\/2015\/03\/tr\u00f6delmarkt-1983.jpg\" alt=\"Warst Du dabei? Tr\u00f6delmarkt an der Schwanenburg 1983\" width=\"850\" height=\"510\" \/><\/a><br \/>\n(Foto: Rainer Killemann)<\/p>\n","protected":false},"excerpt":{"rendered":"<p>Warst Du dabei? Tr\u00f6delmarkt an der Schwanenburg 1983 Im Jahre 1983 fand &#8211; wie hier zu sehen &#8211; ein Tr\u00f6delmarkt &hellip; <a href=\"https:\/\/www.kle-blatt.de\/blog\/kleve-in-foto-video\/aus-dem-privatalbum\/troedelmarkt-an-der-schwanenburg.html\" class=\"more-link\"><span class=\"more-button\">Weiterlesen<span class=\"screen-reader-text\">Warst Du dabei? Tr\u00f6delmarkt an der Schwanenburg 1983<\/span><\/span><\/a><\/p>\n","protected":false},"author":2,"featured_media":14388,"comment_status":"closed","ping_status":"closed","sticky":false,"template":"","format":"standard","meta":{"footnotes":""},"categories":[20],"tags":[3008],"class_list":["post-14387","post","type-post","status-publish","format-standard","has-post-thumbnail","hentry","category-aus-dem-privatalbum","tag-troedelmarkt-an-der-schwanenburg"],"_links":{"self":[{"href":"https:\/\/www.kle-blatt.de\/blog\/wp-json\/wp\/v2\/posts\/14387","targetHints":{"allow":["GET"]}}],"collection":[{"href":"https:\/\/www.kle-blatt.de\/blog\/wp-json\/wp\/v2\/posts"}],"about":[{"href":"https:\/\/www.kle-blatt.de\/blog\/wp-json\/wp\/v2\/types\/post"}],"author":[{"embeddable":true,"href":"https:\/\/www.kle-blatt.de\/blog\/wp-json\/wp\/v2\/users\/2"}],"replies":[{"embeddable":true,"href":"https:\/\/www.kle-blatt.de\/blog\/wp-json\/wp\/v2\/comments?post=14387"}],"version-history":[{"count":2,"href":"https:\/\/www.kle-blatt.de\/blog\/wp-json\/wp\/v2\/posts\/14387\/revisions"}],"predecessor-version":[{"id":33812,"href":"https:\/\/www.kle-blatt.de\/blog\/wp-json\/wp\/v2\/posts\/14387\/revisions\/33812"}],"wp:featuredmedia":[{"embeddable":true,"href":"https:\/\/www.kle-blatt.de\/blog\/wp-json\/wp\/v2\/media\/14388"}],"wp:attachment":[{"href":"https:\/\/www.kle-blatt.de\/blog\/wp-json\/wp\/v2\/media?parent=14387"}],"wp:term":[{"taxonomy":"category","embeddable":true,"href":"https:\/\/www.kle-blatt.de\/blog\/wp-json\/wp\/v2\/categories?post=14387"},{"taxonomy":"post_tag","embeddable":true,"href":"https:\/\/www.kle-blatt.de\/blog\/wp-json\/wp\/v2\/tags?post=14387"}],"curies":[{"name":"wp","href":"https:\/\/api.w.org\/{rel}","templated":true}]}}