{"id":14390,"date":"2025-04-12T07:00:00","date_gmt":"2025-04-12T05:00:00","guid":{"rendered":"http:\/\/www.kle-blatt.de\/blog\/?p=14390"},"modified":"2025-02-21T14:57:56","modified_gmt":"2025-02-21T12:57:56","slug":"festumzug-zur-750-jahr-feier-von-kleve","status":"publish","type":"post","link":"https:\/\/www.kle-blatt.de\/blog\/kleve-in-foto-video\/aus-dem-privatalbum\/festumzug-zur-750-jahr-feier-von-kleve.html","title":{"rendered":"Erinnerst Du Dich? Festumzug zur 750-Jahr-Feier von Kleve"},"content":{"rendered":"<p><strong>Erinnerst Du Dich? Festumzug zur 750-Jahr-Feier von Kleve<\/strong><\/p>\n<p>Im September 1992 feierte man mit einem gro\u00dfen Festumzug die 750-Jahr-Feier der Stadt Kleve. Hier sehen wir einen von einem Pferdegespann gezogenen Festwagen, der gerade in die Herzogstra\u00dfe einbiegt. Zahlreiche Zuschauer s\u00e4umten die Stra\u00dfen, um sich von den Akteuren die Geschichte Kleves noch einmal vor Augen f\u00fchren zu lassen.<\/p>\n<p><a href=\"http:\/\/www.kle-blatt.de\/blog\/wp-content\/uploads\/2015\/03\/umzug-13-09-1992.jpg\"><img loading=\"lazy\" decoding=\"async\" class=\"size-full wp-image-14391 aligncenter\" src=\"http:\/\/www.kle-blatt.de\/blog\/wp-content\/uploads\/2015\/03\/umzug-13-09-1992.jpg\" alt=\"Erinnerst Du Dich? Festumzug zur 750-Jahr-Feier von Kleve\" width=\"850\" height=\"532\" \/><\/a><br \/>\n(Foto: Rainer Killemann)<\/p>\n","protected":false},"excerpt":{"rendered":"<p>Erinnerst Du Dich? Festumzug zur 750-Jahr-Feier von Kleve Im September 1992 feierte man mit einem gro\u00dfen Festumzug die 750-Jahr-Feier der &hellip; <a href=\"https:\/\/www.kle-blatt.de\/blog\/kleve-in-foto-video\/aus-dem-privatalbum\/festumzug-zur-750-jahr-feier-von-kleve.html\" class=\"more-link\"><span class=\"more-button\">Weiterlesen<span class=\"screen-reader-text\">Erinnerst Du Dich? Festumzug zur 750-Jahr-Feier von Kleve<\/span><\/span><\/a><\/p>\n","protected":false},"author":2,"featured_media":14391,"comment_status":"closed","ping_status":"closed","sticky":false,"template":"","format":"standard","meta":{"footnotes":""},"categories":[20],"tags":[3009],"class_list":["post-14390","post","type-post","status-publish","format-standard","has-post-thumbnail","hentry","category-aus-dem-privatalbum","tag-festumzug-zur-750-jahr-feier-von-kleve"],"_links":{"self":[{"href":"https:\/\/www.kle-blatt.de\/blog\/wp-json\/wp\/v2\/posts\/14390","targetHints":{"allow":["GET"]}}],"collection":[{"href":"https:\/\/www.kle-blatt.de\/blog\/wp-json\/wp\/v2\/posts"}],"about":[{"href":"https:\/\/www.kle-blatt.de\/blog\/wp-json\/wp\/v2\/types\/post"}],"author":[{"embeddable":true,"href":"https:\/\/www.kle-blatt.de\/blog\/wp-json\/wp\/v2\/users\/2"}],"replies":[{"embeddable":true,"href":"https:\/\/www.kle-blatt.de\/blog\/wp-json\/wp\/v2\/comments?post=14390"}],"version-history":[{"count":2,"href":"https:\/\/www.kle-blatt.de\/blog\/wp-json\/wp\/v2\/posts\/14390\/revisions"}],"predecessor-version":[{"id":35124,"href":"https:\/\/www.kle-blatt.de\/blog\/wp-json\/wp\/v2\/posts\/14390\/revisions\/35124"}],"wp:featuredmedia":[{"embeddable":true,"href":"https:\/\/www.kle-blatt.de\/blog\/wp-json\/wp\/v2\/media\/14391"}],"wp:attachment":[{"href":"https:\/\/www.kle-blatt.de\/blog\/wp-json\/wp\/v2\/media?parent=14390"}],"wp:term":[{"taxonomy":"category","embeddable":true,"href":"https:\/\/www.kle-blatt.de\/blog\/wp-json\/wp\/v2\/categories?post=14390"},{"taxonomy":"post_tag","embeddable":true,"href":"https:\/\/www.kle-blatt.de\/blog\/wp-json\/wp\/v2\/tags?post=14390"}],"curies":[{"name":"wp","href":"https:\/\/api.w.org\/{rel}","templated":true}]}}