{"id":14473,"date":"2021-04-06T06:30:38","date_gmt":"2021-04-06T04:30:38","guid":{"rendered":"http:\/\/www.kle-blatt.de\/blog\/?p=14473"},"modified":"2021-03-11T13:50:37","modified_gmt":"2021-03-11T11:50:37","slug":"zeppelin-luftschiff-ueber-kleve","status":"publish","type":"post","link":"https:\/\/www.kle-blatt.de\/blog\/kleve-in-foto-video\/zeppelin-luftschiff-ueber-kleve.html","title":{"rendered":"Riesig: Zeppelin-Luftschiff \u00fcber Kleve"},"content":{"rendered":"<p><strong>Riesig: Zeppelin-Luftschiff \u00fcber Kleve<\/strong><\/p>\n<p>Mutter und Kind (links) bestaunen hier am 16. Oktober 1911 das Zeppelin-Luftschiff &#8222;Schwaben&#8220;, das gerade \u00fcber Cleve schwebt.<br \/>\nDer Flug dieses ungew\u00f6hnlichen Luftschiffes \u00fcber der Stadt hatte seinen Grund und erfolgte nicht zuf\u00e4llig. Warum es dazu kam, erf\u00e4hrst Du hier:<\/p>\n<p><a title=\"zeppelin schwaben\" href=\"http:\/\/www.kle-blatt.de\/blog\/kleve\/erste-luftaufnahme-von-cleve.html\" target=\"_blank\" rel=\"noopener\"><span style=\"color: #ff0000;\"><strong>KLICK MICH!<\/strong><\/span><\/a><\/p>\n<p><a href=\"http:\/\/www.kle-blatt.de\/blog\/wp-content\/uploads\/2015\/03\/zeppelin.jpg\"><img loading=\"lazy\" decoding=\"async\" class=\"size-full wp-image-14474 aligncenter\" src=\"https:\/\/www.kle-blatt.de\/blog\/wp-content\/uploads\/2015\/03\/zeppelin.jpg\" alt=\"Riesig: Zeppelin-Luftschiff \u00fcber Kleve\" width=\"850\" height=\"527\" \/><\/a><\/p>\n","protected":false},"excerpt":{"rendered":"<p>Riesig: Zeppelin-Luftschiff \u00fcber Kleve Mutter und Kind (links) bestaunen hier am 16. Oktober 1911 das Zeppelin-Luftschiff &#8222;Schwaben&#8220;, das gerade \u00fcber &hellip; <a href=\"https:\/\/www.kle-blatt.de\/blog\/kleve-in-foto-video\/zeppelin-luftschiff-ueber-kleve.html\" class=\"more-link\"><span class=\"more-button\">Weiterlesen<span class=\"screen-reader-text\">Riesig: Zeppelin-Luftschiff \u00fcber Kleve<\/span><\/span><\/a><\/p>\n","protected":false},"author":2,"featured_media":14474,"comment_status":"open","ping_status":"closed","sticky":false,"template":"","format":"standard","meta":{"footnotes":""},"categories":[3],"tags":[3030],"class_list":["post-14473","post","type-post","status-publish","format-standard","has-post-thumbnail","hentry","category-kleve-in-foto-video","tag-zeppelin-luftschiff-ueber-kleve"],"_links":{"self":[{"href":"https:\/\/www.kle-blatt.de\/blog\/wp-json\/wp\/v2\/posts\/14473","targetHints":{"allow":["GET"]}}],"collection":[{"href":"https:\/\/www.kle-blatt.de\/blog\/wp-json\/wp\/v2\/posts"}],"about":[{"href":"https:\/\/www.kle-blatt.de\/blog\/wp-json\/wp\/v2\/types\/post"}],"author":[{"embeddable":true,"href":"https:\/\/www.kle-blatt.de\/blog\/wp-json\/wp\/v2\/users\/2"}],"replies":[{"embeddable":true,"href":"https:\/\/www.kle-blatt.de\/blog\/wp-json\/wp\/v2\/comments?post=14473"}],"version-history":[{"count":3,"href":"https:\/\/www.kle-blatt.de\/blog\/wp-json\/wp\/v2\/posts\/14473\/revisions"}],"predecessor-version":[{"id":28486,"href":"https:\/\/www.kle-blatt.de\/blog\/wp-json\/wp\/v2\/posts\/14473\/revisions\/28486"}],"wp:featuredmedia":[{"embeddable":true,"href":"https:\/\/www.kle-blatt.de\/blog\/wp-json\/wp\/v2\/media\/14474"}],"wp:attachment":[{"href":"https:\/\/www.kle-blatt.de\/blog\/wp-json\/wp\/v2\/media?parent=14473"}],"wp:term":[{"taxonomy":"category","embeddable":true,"href":"https:\/\/www.kle-blatt.de\/blog\/wp-json\/wp\/v2\/categories?post=14473"},{"taxonomy":"post_tag","embeddable":true,"href":"https:\/\/www.kle-blatt.de\/blog\/wp-json\/wp\/v2\/tags?post=14473"}],"curies":[{"name":"wp","href":"https:\/\/api.w.org\/{rel}","templated":true}]}}