{"id":14488,"date":"2023-04-07T06:20:21","date_gmt":"2023-04-07T04:20:21","guid":{"rendered":"http:\/\/www.kle-blatt.de\/blog\/?p=14488"},"modified":"2023-03-14T13:31:02","modified_gmt":"2023-03-14T11:31:02","slug":"das-historische-kleve-am-amphitheater","status":"publish","type":"post","link":"https:\/\/www.kle-blatt.de\/blog\/kleve-in-foto-video\/das-historische-kleve-am-amphitheater.html","title":{"rendered":"Das historische Kleve am Amphitheater"},"content":{"rendered":"<p><strong>Das historische Kleve am Amphitheater<\/strong><\/p>\n<p>Links f\u00fchrte eine Br\u00fccke direkt zum Hotel Stirum. Wir sehen hier mittig dann das Friedrich-Wilhelms-Bad. Das Kurhotel war noch nicht errichtet, obwohl sich rechts vom Bad bereits der Stahlbrunnen befand. Die Font\u00e4nen spritzen noch mit enormer Wucht in gewaltige H\u00f6hen und ganz rechts am Bildrand entdeckt man noch ein st\u00e4dtisches Vogelhaus.<\/p>\n<p><a href=\"http:\/\/www.kle-blatt.de\/blog\/wp-content\/uploads\/2015\/03\/friedrich-wilhelms-bad1-117.jpg\"><img loading=\"lazy\" decoding=\"async\" class=\"size-full wp-image-14489 aligncenter\" src=\"https:\/\/www.kle-blatt.de\/blog\/wp-content\/uploads\/2015\/03\/friedrich-wilhelms-bad1-117.jpg\" alt=\"Das historische Kleve am Amphitheater\" width=\"850\" height=\"527\" \/><\/a><br \/>\n(Bild: &#8222;An den Wassern zu Cleve&#8220; -Freunde des St\u00e4dtischen Museums Haus Koekkoek e.V. 1994)<\/p>\n","protected":false},"excerpt":{"rendered":"<p>Das historische Kleve am Amphitheater Links f\u00fchrte eine Br\u00fccke direkt zum Hotel Stirum. Wir sehen hier mittig dann das Friedrich-Wilhelms-Bad. &hellip; <a href=\"https:\/\/www.kle-blatt.de\/blog\/kleve-in-foto-video\/das-historische-kleve-am-amphitheater.html\" class=\"more-link\"><span class=\"more-button\">Weiterlesen<span class=\"screen-reader-text\">Das historische Kleve am Amphitheater<\/span><\/span><\/a><\/p>\n","protected":false},"author":2,"featured_media":14489,"comment_status":"open","ping_status":"closed","sticky":false,"template":"","format":"standard","meta":{"footnotes":""},"categories":[3],"tags":[3035],"class_list":["post-14488","post","type-post","status-publish","format-standard","has-post-thumbnail","hentry","category-kleve-in-foto-video","tag-das-historische-kleve-am-amphitheater"],"_links":{"self":[{"href":"https:\/\/www.kle-blatt.de\/blog\/wp-json\/wp\/v2\/posts\/14488","targetHints":{"allow":["GET"]}}],"collection":[{"href":"https:\/\/www.kle-blatt.de\/blog\/wp-json\/wp\/v2\/posts"}],"about":[{"href":"https:\/\/www.kle-blatt.de\/blog\/wp-json\/wp\/v2\/types\/post"}],"author":[{"embeddable":true,"href":"https:\/\/www.kle-blatt.de\/blog\/wp-json\/wp\/v2\/users\/2"}],"replies":[{"embeddable":true,"href":"https:\/\/www.kle-blatt.de\/blog\/wp-json\/wp\/v2\/comments?post=14488"}],"version-history":[{"count":2,"href":"https:\/\/www.kle-blatt.de\/blog\/wp-json\/wp\/v2\/posts\/14488\/revisions"}],"predecessor-version":[{"id":31902,"href":"https:\/\/www.kle-blatt.de\/blog\/wp-json\/wp\/v2\/posts\/14488\/revisions\/31902"}],"wp:featuredmedia":[{"embeddable":true,"href":"https:\/\/www.kle-blatt.de\/blog\/wp-json\/wp\/v2\/media\/14489"}],"wp:attachment":[{"href":"https:\/\/www.kle-blatt.de\/blog\/wp-json\/wp\/v2\/media?parent=14488"}],"wp:term":[{"taxonomy":"category","embeddable":true,"href":"https:\/\/www.kle-blatt.de\/blog\/wp-json\/wp\/v2\/categories?post=14488"},{"taxonomy":"post_tag","embeddable":true,"href":"https:\/\/www.kle-blatt.de\/blog\/wp-json\/wp\/v2\/tags?post=14488"}],"curies":[{"name":"wp","href":"https:\/\/api.w.org\/{rel}","templated":true}]}}