{"id":14643,"date":"2020-05-14T07:00:09","date_gmt":"2020-05-14T05:00:09","guid":{"rendered":"http:\/\/www.kle-blatt.de\/blog\/?p=14643"},"modified":"2020-04-24T14:15:10","modified_gmt":"2020-04-24T12:15:10","slug":"im-caliente-durfte-man-noch-rauchen","status":"publish","type":"post","link":"https:\/\/www.kle-blatt.de\/blog\/kleve-in-foto-video\/aus-dem-privatalbum\/im-caliente-durfte-man-noch-rauchen.html","title":{"rendered":"Hast Du damals im Caliente auch gequalmt?"},"content":{"rendered":"<p><strong>Hast Du damals im Caliente auch gequalmt?<\/strong><\/p>\n<p>Heute w\u00fcrde die Mitarbeiterin hinter der Theke sicher Gefahrenzulage fordern. Das war, wenn man sich den Nebel so anschaut, nicht unbedingt der ges\u00fcndeste Arbeitsplatz. Aber m\u00f6glicherweise geh\u00f6rte er zu den geilsten in dieser Zeit.<br \/>\nDamals begann man irgendwann damit, Schutzr\u00e4ume f\u00fcr Nichtraucher einzurichten. Aber nicht \u00fcberall. \ud83d\ude42<br \/>\nAktuell w\u00e4re die Disko vermutlich zeitweise menschenleer, da alle G\u00e4ste vor der T\u00fcr Eine qualmen gingen. Und da es damals fast noch jeden anging, w\u00e4re man gleich dort geblieben und h\u00e4tte die Musik schlichtweg nach drau\u00dfen verlegt. Es war zwar ungesund, aber&#8230;das scheint Fleischessen ja auch zu sein. \ud83d\ude42<\/p>\n<p><a href=\"http:\/\/www.kle-blatt.de\/blog\/wp-content\/uploads\/2015\/04\/verqualmte-theke.jpg\"><img loading=\"lazy\" decoding=\"async\" class=\"alignleft size-full wp-image-14644\" src=\"http:\/\/www.kle-blatt.de\/blog\/wp-content\/uploads\/2015\/04\/verqualmte-theke.jpg\" alt=\"Hast Du damals im Caliente auch gequalmt?\" width=\"850\" height=\"536\" \/><\/a><br \/>\n(Foto: Dave Davis)<\/p>\n","protected":false},"excerpt":{"rendered":"<p>Hast Du damals im Caliente auch gequalmt? Heute w\u00fcrde die Mitarbeiterin hinter der Theke sicher Gefahrenzulage fordern. Das war, wenn &hellip; <a href=\"https:\/\/www.kle-blatt.de\/blog\/kleve-in-foto-video\/aus-dem-privatalbum\/im-caliente-durfte-man-noch-rauchen.html\" class=\"more-link\"><span class=\"more-button\">Weiterlesen<span class=\"screen-reader-text\">Hast Du damals im Caliente auch gequalmt?<\/span><\/span><\/a><\/p>\n","protected":false},"author":2,"featured_media":14644,"comment_status":"open","ping_status":"closed","sticky":false,"template":"","format":"standard","meta":{"footnotes":""},"categories":[20,5279],"tags":[5342,3065],"class_list":["post-14643","post","type-post","status-publish","format-standard","has-post-thumbnail","hentry","category-aus-dem-privatalbum","category-klever-musik-und-diskoszene","tag-hast-du-damals-im-caliente-auch-gequalmt","tag-im-caliente-durfte-man-noch-rauchen"],"_links":{"self":[{"href":"https:\/\/www.kle-blatt.de\/blog\/wp-json\/wp\/v2\/posts\/14643","targetHints":{"allow":["GET"]}}],"collection":[{"href":"https:\/\/www.kle-blatt.de\/blog\/wp-json\/wp\/v2\/posts"}],"about":[{"href":"https:\/\/www.kle-blatt.de\/blog\/wp-json\/wp\/v2\/types\/post"}],"author":[{"embeddable":true,"href":"https:\/\/www.kle-blatt.de\/blog\/wp-json\/wp\/v2\/users\/2"}],"replies":[{"embeddable":true,"href":"https:\/\/www.kle-blatt.de\/blog\/wp-json\/wp\/v2\/comments?post=14643"}],"version-history":[{"count":0,"href":"https:\/\/www.kle-blatt.de\/blog\/wp-json\/wp\/v2\/posts\/14643\/revisions"}],"wp:featuredmedia":[{"embeddable":true,"href":"https:\/\/www.kle-blatt.de\/blog\/wp-json\/wp\/v2\/media\/14644"}],"wp:attachment":[{"href":"https:\/\/www.kle-blatt.de\/blog\/wp-json\/wp\/v2\/media?parent=14643"}],"wp:term":[{"taxonomy":"category","embeddable":true,"href":"https:\/\/www.kle-blatt.de\/blog\/wp-json\/wp\/v2\/categories?post=14643"},{"taxonomy":"post_tag","embeddable":true,"href":"https:\/\/www.kle-blatt.de\/blog\/wp-json\/wp\/v2\/tags?post=14643"}],"curies":[{"name":"wp","href":"https:\/\/api.w.org\/{rel}","templated":true}]}}