{"id":14679,"date":"2025-05-22T07:00:05","date_gmt":"2025-05-22T05:00:05","guid":{"rendered":"http:\/\/www.kle-blatt.de\/blog\/?p=14679"},"modified":"2025-03-17T14:42:42","modified_gmt":"2025-03-17T12:42:42","slug":"die-zeit-der-bunten-flattermaenner","status":"publish","type":"post","link":"https:\/\/www.kle-blatt.de\/blog\/kleve-in-foto-video\/aus-dem-privatalbum\/die-zeit-der-bunten-flattermaenner.html","title":{"rendered":"Kennst Du Dich aus? Die Zeit der bunten Flatterm\u00e4nner"},"content":{"rendered":"<p><strong>Kennst Du Dich aus? Die Zeit der bunten Flatterm\u00e4nner<\/strong><\/p>\n<p>Man sieht sie wieder in den G\u00e4rten herum flattern, die bunten Schmetterlinge. In unseren Landen am Niederrhein kennt man vermehrt den Kohlwei\u00dfling, den Zitronenfalter und die Augenfalter, wie wir vermutlich hier einen sehen.<br \/>\nErstaunlich, wie viele verschiedene Arten es alleine davon gibt. Hier eine kurze Aufz\u00e4hlung ohne Anspruch auf Vollst\u00e4ndigkeit:<br \/>\nBrauner Waldvogel, Graubindiger Mohrenfalter, Wei\u00dfbindiger Mohrenfalter, Gro\u00dfes Ochsenauge, Rotbraunes Ochsenauge, Kleines Wiesenv\u00f6gelchen, Wei\u00dfbindiges Wiesenv\u00f6gelchen, Mauerfuchs, Ockerbindiger Samtfalter, Schachbrettfalter, Waldbrettspiel.<br \/>\nBei diesen interessanten Namen sollte man nicht annehmen, das man es ausschlie\u00dflich mit Augenfaltern zu tun hat. Tjo &#8211; man lernt nie aus. \ud83d\ude42<\/p>\n<p><a href=\"http:\/\/www.kle-blatt.de\/blog\/wp-content\/uploads\/2015\/04\/schmetterling.jpg\"><img loading=\"lazy\" decoding=\"async\" class=\"size-full wp-image-14680 aligncenter\" src=\"http:\/\/www.kle-blatt.de\/blog\/wp-content\/uploads\/2015\/04\/schmetterling.jpg\" alt=\"Kennst Du Dich aus? Die Zeit der bunten Flatterm\u00e4nner\" width=\"850\" height=\"528\" \/><\/a><a href=\"http:\/\/www.kle-blatt.de\/blog\/wp-content\/uploads\/2015\/04\/schmetterling1.jpg\"><img loading=\"lazy\" decoding=\"async\" class=\"alignleft size-full wp-image-14681\" src=\"http:\/\/www.kle-blatt.de\/blog\/wp-content\/uploads\/2015\/04\/schmetterling1.jpg\" alt=\"Kennst Du Dich aus? Die Zeit der bunten Flatterm\u00e4nner\" width=\"850\" height=\"565\" \/><\/a><br \/>\n(Fotos: Klaus Viethen)<\/p>\n","protected":false},"excerpt":{"rendered":"<p>Kennst Du Dich aus? Die Zeit der bunten Flatterm\u00e4nner Man sieht sie wieder in den G\u00e4rten herum flattern, die bunten &hellip; <a href=\"https:\/\/www.kle-blatt.de\/blog\/kleve-in-foto-video\/aus-dem-privatalbum\/die-zeit-der-bunten-flattermaenner.html\" class=\"more-link\"><span class=\"more-button\">Weiterlesen<span class=\"screen-reader-text\">Kennst Du Dich aus? Die Zeit der bunten Flatterm\u00e4nner<\/span><\/span><\/a><\/p>\n","protected":false},"author":2,"featured_media":14680,"comment_status":"closed","ping_status":"closed","sticky":false,"template":"","format":"standard","meta":{"footnotes":""},"categories":[20],"tags":[3075],"class_list":["post-14679","post","type-post","status-publish","format-standard","has-post-thumbnail","hentry","category-aus-dem-privatalbum","tag-die-zeit-der-bunten-flattermaenner"],"_links":{"self":[{"href":"https:\/\/www.kle-blatt.de\/blog\/wp-json\/wp\/v2\/posts\/14679","targetHints":{"allow":["GET"]}}],"collection":[{"href":"https:\/\/www.kle-blatt.de\/blog\/wp-json\/wp\/v2\/posts"}],"about":[{"href":"https:\/\/www.kle-blatt.de\/blog\/wp-json\/wp\/v2\/types\/post"}],"author":[{"embeddable":true,"href":"https:\/\/www.kle-blatt.de\/blog\/wp-json\/wp\/v2\/users\/2"}],"replies":[{"embeddable":true,"href":"https:\/\/www.kle-blatt.de\/blog\/wp-json\/wp\/v2\/comments?post=14679"}],"version-history":[{"count":2,"href":"https:\/\/www.kle-blatt.de\/blog\/wp-json\/wp\/v2\/posts\/14679\/revisions"}],"predecessor-version":[{"id":35205,"href":"https:\/\/www.kle-blatt.de\/blog\/wp-json\/wp\/v2\/posts\/14679\/revisions\/35205"}],"wp:featuredmedia":[{"embeddable":true,"href":"https:\/\/www.kle-blatt.de\/blog\/wp-json\/wp\/v2\/media\/14680"}],"wp:attachment":[{"href":"https:\/\/www.kle-blatt.de\/blog\/wp-json\/wp\/v2\/media?parent=14679"}],"wp:term":[{"taxonomy":"category","embeddable":true,"href":"https:\/\/www.kle-blatt.de\/blog\/wp-json\/wp\/v2\/categories?post=14679"},{"taxonomy":"post_tag","embeddable":true,"href":"https:\/\/www.kle-blatt.de\/blog\/wp-json\/wp\/v2\/tags?post=14679"}],"curies":[{"name":"wp","href":"https:\/\/api.w.org\/{rel}","templated":true}]}}