{"id":14698,"date":"2025-05-29T07:00:04","date_gmt":"2025-05-29T05:00:04","guid":{"rendered":"http:\/\/www.kle-blatt.de\/blog\/?p=14698"},"modified":"2025-03-20T13:07:25","modified_gmt":"2025-03-20T11:07:25","slug":"baeltermanns-kinder","status":"publish","type":"post","link":"https:\/\/www.kle-blatt.de\/blog\/kleve-in-foto-video\/aus-dem-privatalbum\/baeltermanns-kinder.html","title":{"rendered":"Geh\u00f6rst Du auch zu &#8222;B\u00e4ltermann&#8217;s Kindern&#8220;?"},"content":{"rendered":"<p><strong>Geh\u00f6rst Du auch zu B\u00e4ltermann&#8217;s Kindern?<\/strong><\/p>\n<p>Man wird nicht ermessen k\u00f6nnen, wieviel Kinder neben dem Spuckm\u00e4nneken von Kleve im Laufe der Jahrzehnte bereits abgelichtet wurden, aber er war schon seit seiner Aufstellung eines der beliebtesten Foto-Motive f\u00fcr die Kleinen. Vor allem mit der Schwanenburg im R\u00fccken geh\u00f6rt das Gesamtbild zu einem der begehrtesten Hotspots in der Schwanenstadt.<br \/>\nHier, im Jahre 1959, sehen wir vier begeisterte Kinder, die sich in Pose gestellt haben. Die Sicht war derzeit\u00a0verh\u00e4ltnism\u00e4\u00dfig frei und sogar der legend\u00e4re Verkehrspavillon kam noch mit aufs Foto.<\/p>\n<p><a href=\"http:\/\/www.kle-blatt.de\/blog\/wp-content\/uploads\/2015\/04\/gruppenbild-1959.jpg\"><img loading=\"lazy\" decoding=\"async\" class=\"size-full wp-image-14699 aligncenter\" src=\"https:\/\/www.kle-blatt.de\/blog\/wp-content\/uploads\/2015\/04\/gruppenbild-1959.jpg\" alt=\"Geh\u00f6rst Du auch zu B\u00e4ltermann's Kindern?\" width=\"850\" height=\"800\" \/><\/a><br \/>\n(Foto: Rainer Killemann)<\/p>\n","protected":false},"excerpt":{"rendered":"<p>Geh\u00f6rst Du auch zu B\u00e4ltermann&#8217;s Kindern? Man wird nicht ermessen k\u00f6nnen, wieviel Kinder neben dem Spuckm\u00e4nneken von Kleve im Laufe &hellip; <a href=\"https:\/\/www.kle-blatt.de\/blog\/kleve-in-foto-video\/aus-dem-privatalbum\/baeltermanns-kinder.html\" class=\"more-link\"><span class=\"more-button\">Weiterlesen<span class=\"screen-reader-text\">Geh\u00f6rst Du auch zu &#8222;B\u00e4ltermann&#8217;s Kindern&#8220;?<\/span><\/span><\/a><\/p>\n","protected":false},"author":2,"featured_media":14699,"comment_status":"closed","ping_status":"closed","sticky":false,"template":"","format":"standard","meta":{"footnotes":""},"categories":[20],"tags":[3081],"class_list":["post-14698","post","type-post","status-publish","format-standard","has-post-thumbnail","hentry","category-aus-dem-privatalbum","tag-baeltermanns-kinder"],"_links":{"self":[{"href":"https:\/\/www.kle-blatt.de\/blog\/wp-json\/wp\/v2\/posts\/14698","targetHints":{"allow":["GET"]}}],"collection":[{"href":"https:\/\/www.kle-blatt.de\/blog\/wp-json\/wp\/v2\/posts"}],"about":[{"href":"https:\/\/www.kle-blatt.de\/blog\/wp-json\/wp\/v2\/types\/post"}],"author":[{"embeddable":true,"href":"https:\/\/www.kle-blatt.de\/blog\/wp-json\/wp\/v2\/users\/2"}],"replies":[{"embeddable":true,"href":"https:\/\/www.kle-blatt.de\/blog\/wp-json\/wp\/v2\/comments?post=14698"}],"version-history":[{"count":3,"href":"https:\/\/www.kle-blatt.de\/blog\/wp-json\/wp\/v2\/posts\/14698\/revisions"}],"predecessor-version":[{"id":35263,"href":"https:\/\/www.kle-blatt.de\/blog\/wp-json\/wp\/v2\/posts\/14698\/revisions\/35263"}],"wp:featuredmedia":[{"embeddable":true,"href":"https:\/\/www.kle-blatt.de\/blog\/wp-json\/wp\/v2\/media\/14699"}],"wp:attachment":[{"href":"https:\/\/www.kle-blatt.de\/blog\/wp-json\/wp\/v2\/media?parent=14698"}],"wp:term":[{"taxonomy":"category","embeddable":true,"href":"https:\/\/www.kle-blatt.de\/blog\/wp-json\/wp\/v2\/categories?post=14698"},{"taxonomy":"post_tag","embeddable":true,"href":"https:\/\/www.kle-blatt.de\/blog\/wp-json\/wp\/v2\/tags?post=14698"}],"curies":[{"name":"wp","href":"https:\/\/api.w.org\/{rel}","templated":true}]}}