{"id":14799,"date":"2019-06-18T07:00:25","date_gmt":"2019-06-18T05:00:25","guid":{"rendered":"http:\/\/www.kle-blatt.de\/blog\/?p=14799"},"modified":"2019-06-18T12:24:11","modified_gmt":"2019-06-18T10:24:11","slug":"steigers-villa-an-der-gruft","status":"publish","type":"post","link":"https:\/\/www.kle-blatt.de\/blog\/kleve-in-foto-video\/steigers-villa-an-der-gruft.html","title":{"rendered":"Kanntest Du noch Steiger&#8217;s Villa an der Gruft?"},"content":{"rendered":"<p><strong>Kanntest Du noch Steiger&#8217;s Villa an der Gruft?<\/strong><\/p>\n<p>Sie geh\u00f6rte zu den erhaltenswerten Geb\u00e4uden der Stadt Kleve, die wundervolle Villa des Heimat-Fotografen Ewald Steiger. Diese Mitte des 19.Jahrhunderts errichtete schmucke neuklassizistische Villa entstand auf quadratischem Grundplan. Der Vordergiebel war\u00a0vier-achsig und verf\u00fcgte \u00fcber einen sehenswerten Balkon \u00fcber den beiden Mittelfenstern. Die Eingangsseite stellte sich flach mit zur\u00fcckliegendem Haupteingang mit einem Rundportal dar. Gebaut wurde es aus Backstein und Verputz.<br \/>\nLeider war dieses Klever Schmuckst\u00fcck wohl nicht erhaltenswert genug, denn 1983 wurde die Villa trotz heftiger Proteste, Demonstrationen und Hausbesetzungen seitens der Klever Bev\u00f6lkerung abgerissen und musste einem weniger attraktiven Wohnblock weichen. Schade. Aber nicht zu \u00e4ndern. \ud83d\ude41<br \/>\nHier gibt es noch mehr dazu:<\/p>\n<p><a title=\"steiger-villa\" href=\"http:\/\/www.kle-blatt.de\/blog\/kleve\/die-steiger-villa-auf-der-gruftstrasse-in-kleve.html\"><span style=\"color: #ff0000;\"><strong>KLICK MICH!<\/strong><\/span><\/a><\/p>\n<p><a href=\"http:\/\/www.kle-blatt.de\/blog\/wp-content\/uploads\/2015\/04\/steigers-villa.jpg\"><img loading=\"lazy\" decoding=\"async\" class=\"alignleft size-full wp-image-14800\" src=\"http:\/\/www.kle-blatt.de\/blog\/wp-content\/uploads\/2015\/04\/steigers-villa.jpg\" alt=\"Kanntest Du noch Steiger's Villa an der Gruft?\" width=\"850\" height=\"579\" \/><\/a><br \/>\n(Foto: &#8222;Das Gesicht einer Stadt&#8220; &#8211; Erhaltenswerte Geb\u00e4ude in Kleve &#8211; Annegret Gossens)<\/p>\n","protected":false},"excerpt":{"rendered":"<p>Kanntest Du noch Steiger&#8217;s Villa an der Gruft? Sie geh\u00f6rte zu den erhaltenswerten Geb\u00e4uden der Stadt Kleve, die wundervolle Villa &hellip; <a href=\"https:\/\/www.kle-blatt.de\/blog\/kleve-in-foto-video\/steigers-villa-an-der-gruft.html\" class=\"more-link\"><span class=\"more-button\">Weiterlesen<span class=\"screen-reader-text\">Kanntest Du noch Steiger&#8217;s Villa an der Gruft?<\/span><\/span><\/a><\/p>\n","protected":false},"author":2,"featured_media":0,"comment_status":"open","ping_status":"closed","sticky":false,"template":"","format":"standard","meta":{"footnotes":""},"categories":[3],"tags":[3148],"class_list":["post-14799","post","type-post","status-publish","format-standard","hentry","category-kleve-in-foto-video","tag-steigers-villa-an-der-gruft"],"_links":{"self":[{"href":"https:\/\/www.kle-blatt.de\/blog\/wp-json\/wp\/v2\/posts\/14799","targetHints":{"allow":["GET"]}}],"collection":[{"href":"https:\/\/www.kle-blatt.de\/blog\/wp-json\/wp\/v2\/posts"}],"about":[{"href":"https:\/\/www.kle-blatt.de\/blog\/wp-json\/wp\/v2\/types\/post"}],"author":[{"embeddable":true,"href":"https:\/\/www.kle-blatt.de\/blog\/wp-json\/wp\/v2\/users\/2"}],"replies":[{"embeddable":true,"href":"https:\/\/www.kle-blatt.de\/blog\/wp-json\/wp\/v2\/comments?post=14799"}],"version-history":[{"count":0,"href":"https:\/\/www.kle-blatt.de\/blog\/wp-json\/wp\/v2\/posts\/14799\/revisions"}],"wp:attachment":[{"href":"https:\/\/www.kle-blatt.de\/blog\/wp-json\/wp\/v2\/media?parent=14799"}],"wp:term":[{"taxonomy":"category","embeddable":true,"href":"https:\/\/www.kle-blatt.de\/blog\/wp-json\/wp\/v2\/categories?post=14799"},{"taxonomy":"post_tag","embeddable":true,"href":"https:\/\/www.kle-blatt.de\/blog\/wp-json\/wp\/v2\/tags?post=14799"}],"curies":[{"name":"wp","href":"https:\/\/api.w.org\/{rel}","templated":true}]}}