{"id":14872,"date":"2023-05-09T06:00:19","date_gmt":"2023-05-09T04:00:19","guid":{"rendered":"http:\/\/www.kle-blatt.de\/blog\/?p=14872"},"modified":"2023-04-18T12:27:35","modified_gmt":"2023-04-18T10:27:35","slug":"die-post-am-klever-bahnhof","status":"publish","type":"post","link":"https:\/\/www.kle-blatt.de\/blog\/kleve-in-foto-video\/die-post-am-klever-bahnhof.html","title":{"rendered":"Die Post am Klever Bahnhof"},"content":{"rendered":"<p><strong>Die Post am Klever Bahnhof<\/strong><\/p>\n<p>Hier brachten Generationen von Klever B\u00fcrger\/innen Ihre Briefe, Postkarten, P\u00e4ckchen und Pakete hin, um sie von Kleve aus in alle Welt zu schicken. Die Schalter-Beamten und -Beamtinnen kamen einem im Laufe der Jahre vor wie ein eigenes Familienmitglied.<br \/>\nDas Bild stammt noch aus den Zeiten, als der VW-K\u00e4fer ann\u00e4hernd die H\u00e4lfte aller in Deutschland gefahrenen Autos ausmachte. Das sieht man auch auf dem Bild. Der Vorplatz hatte noch Park-Charakter und zeigt hier neben dem Baum prachtvollen Blumen-Besatz. Mal sehen, wie sich auch dort alles wieder ver\u00e4ndert&#8230;<\/p>\n<p><a href=\"http:\/\/www.kle-blatt.de\/blog\/wp-content\/uploads\/2015\/04\/post-kleve.jpg\"><img loading=\"lazy\" decoding=\"async\" class=\"size-full wp-image-14873 aligncenter\" src=\"https:\/\/www.kle-blatt.de\/blog\/wp-content\/uploads\/2015\/04\/post-kleve.jpg\" alt=\"Die Post am Klever Bahnhof\" width=\"849\" height=\"591\" \/><\/a><\/p>\n","protected":false},"excerpt":{"rendered":"<p>Die Post am Klever Bahnhof Hier brachten Generationen von Klever B\u00fcrger\/innen Ihre Briefe, Postkarten, P\u00e4ckchen und Pakete hin, um sie &hellip; <a href=\"https:\/\/www.kle-blatt.de\/blog\/kleve-in-foto-video\/die-post-am-klever-bahnhof.html\" class=\"more-link\"><span class=\"more-button\">Weiterlesen<span class=\"screen-reader-text\">Die Post am Klever Bahnhof<\/span><\/span><\/a><\/p>\n","protected":false},"author":2,"featured_media":14873,"comment_status":"open","ping_status":"closed","sticky":false,"template":"","format":"standard","meta":{"footnotes":""},"categories":[3],"tags":[3124],"class_list":["post-14872","post","type-post","status-publish","format-standard","has-post-thumbnail","hentry","category-kleve-in-foto-video","tag-die-post-am-klever-bahnhof"],"_links":{"self":[{"href":"https:\/\/www.kle-blatt.de\/blog\/wp-json\/wp\/v2\/posts\/14872","targetHints":{"allow":["GET"]}}],"collection":[{"href":"https:\/\/www.kle-blatt.de\/blog\/wp-json\/wp\/v2\/posts"}],"about":[{"href":"https:\/\/www.kle-blatt.de\/blog\/wp-json\/wp\/v2\/types\/post"}],"author":[{"embeddable":true,"href":"https:\/\/www.kle-blatt.de\/blog\/wp-json\/wp\/v2\/users\/2"}],"replies":[{"embeddable":true,"href":"https:\/\/www.kle-blatt.de\/blog\/wp-json\/wp\/v2\/comments?post=14872"}],"version-history":[{"count":1,"href":"https:\/\/www.kle-blatt.de\/blog\/wp-json\/wp\/v2\/posts\/14872\/revisions"}],"predecessor-version":[{"id":32023,"href":"https:\/\/www.kle-blatt.de\/blog\/wp-json\/wp\/v2\/posts\/14872\/revisions\/32023"}],"wp:featuredmedia":[{"embeddable":true,"href":"https:\/\/www.kle-blatt.de\/blog\/wp-json\/wp\/v2\/media\/14873"}],"wp:attachment":[{"href":"https:\/\/www.kle-blatt.de\/blog\/wp-json\/wp\/v2\/media?parent=14872"}],"wp:term":[{"taxonomy":"category","embeddable":true,"href":"https:\/\/www.kle-blatt.de\/blog\/wp-json\/wp\/v2\/categories?post=14872"},{"taxonomy":"post_tag","embeddable":true,"href":"https:\/\/www.kle-blatt.de\/blog\/wp-json\/wp\/v2\/tags?post=14872"}],"curies":[{"name":"wp","href":"https:\/\/api.w.org\/{rel}","templated":true}]}}