{"id":1496,"date":"2019-02-05T07:00:11","date_gmt":"2019-02-05T05:00:11","guid":{"rendered":"http:\/\/www.kle-blatt.de\/blog\/?p=1496"},"modified":"2019-01-28T12:39:50","modified_gmt":"2019-01-28T10:39:50","slug":"amphitheater-und-wasserkunste-am-tiergarten-in-bad-cleve","status":"publish","type":"post","link":"https:\/\/www.kle-blatt.de\/blog\/kleve-in-foto-video\/amphitheater-und-wasserkunste-am-tiergarten-in-bad-cleve.html","title":{"rendered":"Amphitheater und Wasserk\u00fcnste am Tiergarten in Bad Cleve"},"content":{"rendered":"<p><strong>Amphitheater und Wasserk\u00fcnste am Tiergarten in Bad Cleve<\/strong><\/p>\n<p>In fr\u00fcheren Zeiten war noch richtig Druck auf den Pumpen der Wasserfont\u00e4nen am Amphitheater in Bad Cleve.<br \/>\nSehr sch\u00f6ner Anblick.<\/p>\n<p><a href=\"http:\/\/www.kle-blatt.de\/blog\/wp-content\/uploads\/2013\/02\/wasserkuenste.jpg\"><img loading=\"lazy\" decoding=\"async\" class=\"alignleft size-full wp-image-1497\" src=\"http:\/\/www.kle-blatt.de\/blog\/wp-content\/uploads\/2013\/02\/wasserkuenste.jpg\" alt=\"Amphitheater und Wasserk\u00fcnste am Tiergarten in Bad Cleve\" width=\"850\" height=\"519\" \/><\/a><\/p>\n","protected":false},"excerpt":{"rendered":"<p>Amphitheater und Wasserk\u00fcnste am Tiergarten in Bad Cleve In fr\u00fcheren Zeiten war noch richtig Druck auf den Pumpen der Wasserfont\u00e4nen &hellip; <a href=\"https:\/\/www.kle-blatt.de\/blog\/kleve-in-foto-video\/amphitheater-und-wasserkunste-am-tiergarten-in-bad-cleve.html\" class=\"more-link\"><span class=\"more-button\">Weiterlesen<span class=\"screen-reader-text\">Amphitheater und Wasserk\u00fcnste am Tiergarten in Bad Cleve<\/span><\/span><\/a><\/p>\n","protected":false},"author":2,"featured_media":0,"comment_status":"closed","ping_status":"closed","sticky":false,"template":"","format":"standard","meta":{"footnotes":""},"categories":[3],"tags":[452],"class_list":["post-1496","post","type-post","status-publish","format-standard","hentry","category-kleve-in-foto-video","tag-amphitheater-und-wasserkunste-am-tiergarten-in-bad-cleve"],"_links":{"self":[{"href":"https:\/\/www.kle-blatt.de\/blog\/wp-json\/wp\/v2\/posts\/1496","targetHints":{"allow":["GET"]}}],"collection":[{"href":"https:\/\/www.kle-blatt.de\/blog\/wp-json\/wp\/v2\/posts"}],"about":[{"href":"https:\/\/www.kle-blatt.de\/blog\/wp-json\/wp\/v2\/types\/post"}],"author":[{"embeddable":true,"href":"https:\/\/www.kle-blatt.de\/blog\/wp-json\/wp\/v2\/users\/2"}],"replies":[{"embeddable":true,"href":"https:\/\/www.kle-blatt.de\/blog\/wp-json\/wp\/v2\/comments?post=1496"}],"version-history":[{"count":0,"href":"https:\/\/www.kle-blatt.de\/blog\/wp-json\/wp\/v2\/posts\/1496\/revisions"}],"wp:attachment":[{"href":"https:\/\/www.kle-blatt.de\/blog\/wp-json\/wp\/v2\/media?parent=1496"}],"wp:term":[{"taxonomy":"category","embeddable":true,"href":"https:\/\/www.kle-blatt.de\/blog\/wp-json\/wp\/v2\/categories?post=1496"},{"taxonomy":"post_tag","embeddable":true,"href":"https:\/\/www.kle-blatt.de\/blog\/wp-json\/wp\/v2\/tags?post=1496"}],"curies":[{"name":"wp","href":"https:\/\/api.w.org\/{rel}","templated":true}]}}