{"id":15064,"date":"2025-06-08T07:00:56","date_gmt":"2025-06-08T05:00:56","guid":{"rendered":"http:\/\/www.kle-blatt.de\/blog\/?p=15064"},"modified":"2025-04-11T14:23:52","modified_gmt":"2025-04-11T12:23:52","slug":"lohengrin-und-der-koenig-von-preussen","status":"publish","type":"post","link":"https:\/\/www.kle-blatt.de\/blog\/kleve-in-foto-video\/lohengrin-und-der-koenig-von-preussen.html","title":{"rendered":"Lohengrin und der K\u00f6nig von Preu\u00dfen"},"content":{"rendered":"<p><strong>Lohengrin und der K\u00f6nig von Preu\u00dfen<\/strong><\/p>\n<p>Was hatten die beiden gemeinsam? Nun &#8211; sie waren eine Zeit lang Nachbarn am Klever Stadteingang, wenn man von Kalkar oder vom Bahnhof kam. Auf dieser alten Karte wird das Lohengrin-Denkmal explizit erw\u00e4hnt. Allerdings erkennt man es wohl erst auf den zweiten Blick. Wer es nicht finden kann: links direkt \u00fcber dem Schriftzug.<\/p>\n<p><a href=\"http:\/\/www.kle-blatt.de\/blog\/wp-content\/uploads\/2015\/05\/0-lohengrindenkmal-.jpg\"><img loading=\"lazy\" decoding=\"async\" class=\"size-full wp-image-15065 aligncenter\" src=\"https:\/\/www.kle-blatt.de\/blog\/wp-content\/uploads\/2015\/05\/0-lohengrindenkmal-.jpg\" alt=\"Lohengrin und der K\u00f6nig von Preu\u00dfen\" width=\"850\" height=\"524\" \/><\/a><\/p>\n","protected":false},"excerpt":{"rendered":"<p>Lohengrin und der K\u00f6nig von Preu\u00dfen Was hatten die beiden gemeinsam? Nun &#8211; sie waren eine Zeit lang Nachbarn am &hellip; <a href=\"https:\/\/www.kle-blatt.de\/blog\/kleve-in-foto-video\/lohengrin-und-der-koenig-von-preussen.html\" class=\"more-link\"><span class=\"more-button\">Weiterlesen<span class=\"screen-reader-text\">Lohengrin und der K\u00f6nig von Preu\u00dfen<\/span><\/span><\/a><\/p>\n","protected":false},"author":2,"featured_media":15065,"comment_status":"closed","ping_status":"closed","sticky":false,"template":"","format":"standard","meta":{"footnotes":""},"categories":[3],"tags":[3153],"class_list":["post-15064","post","type-post","status-publish","format-standard","has-post-thumbnail","hentry","category-kleve-in-foto-video","tag-lohengrin-und-der-koenig-von-preussen"],"_links":{"self":[{"href":"https:\/\/www.kle-blatt.de\/blog\/wp-json\/wp\/v2\/posts\/15064","targetHints":{"allow":["GET"]}}],"collection":[{"href":"https:\/\/www.kle-blatt.de\/blog\/wp-json\/wp\/v2\/posts"}],"about":[{"href":"https:\/\/www.kle-blatt.de\/blog\/wp-json\/wp\/v2\/types\/post"}],"author":[{"embeddable":true,"href":"https:\/\/www.kle-blatt.de\/blog\/wp-json\/wp\/v2\/users\/2"}],"replies":[{"embeddable":true,"href":"https:\/\/www.kle-blatt.de\/blog\/wp-json\/wp\/v2\/comments?post=15064"}],"version-history":[{"count":2,"href":"https:\/\/www.kle-blatt.de\/blog\/wp-json\/wp\/v2\/posts\/15064\/revisions"}],"predecessor-version":[{"id":35313,"href":"https:\/\/www.kle-blatt.de\/blog\/wp-json\/wp\/v2\/posts\/15064\/revisions\/35313"}],"wp:featuredmedia":[{"embeddable":true,"href":"https:\/\/www.kle-blatt.de\/blog\/wp-json\/wp\/v2\/media\/15065"}],"wp:attachment":[{"href":"https:\/\/www.kle-blatt.de\/blog\/wp-json\/wp\/v2\/media?parent=15064"}],"wp:term":[{"taxonomy":"category","embeddable":true,"href":"https:\/\/www.kle-blatt.de\/blog\/wp-json\/wp\/v2\/categories?post=15064"},{"taxonomy":"post_tag","embeddable":true,"href":"https:\/\/www.kle-blatt.de\/blog\/wp-json\/wp\/v2\/tags?post=15064"}],"curies":[{"name":"wp","href":"https:\/\/api.w.org\/{rel}","templated":true}]}}