{"id":15172,"date":"2025-06-24T07:10:19","date_gmt":"2025-06-24T05:10:19","guid":{"rendered":"http:\/\/www.kle-blatt.de\/blog\/?p=15172"},"modified":"2025-04-14T11:27:35","modified_gmt":"2025-04-14T09:27:35","slug":"der-wahnsinn-auf-der-grossen-strasse-in-kleve","status":"publish","type":"post","link":"https:\/\/www.kle-blatt.de\/blog\/kleve-in-foto-video\/der-wahnsinn-auf-der-grossen-strasse-in-kleve.html","title":{"rendered":"Der Wahnsinn auf der Gro\u00dfen Stra\u00dfe in Kleve"},"content":{"rendered":"<p><strong>Der Wahnsinn auf der Gro\u00dfen Stra\u00dfe in Kleve<\/strong><\/p>\n<p>Auf diesem Bild sehen wir nochmal, was sich die Stadtv\u00e4ter von Kleve dabei gedacht hatten, damals hier eine Fu\u00dfg\u00e4ngerzone einzurichten. Uns\u00e4glich lange Autoschlangen bewegen sich tr\u00e4ge durch die von Parkpl\u00e4tzen auf dem Seitenstreifen eingeengte Fahrbahn. Es muss ein fantastisches Aroma f\u00fcr die Fu\u00dfg\u00e4nger und Radfahrer gewesen sein, die hier gezwungen waren, die Abgase einzuatmen. Aktuell ein ziemlich verwirrender Eindruck.<\/p>\n<p><a href=\"http:\/\/www.kle-blatt.de\/blog\/wp-content\/uploads\/2015\/05\/verkehr-gro\u00dfe.jpg\"><img loading=\"lazy\" decoding=\"async\" class=\"size-full wp-image-15174 aligncenter\" src=\"https:\/\/www.kle-blatt.de\/blog\/wp-content\/uploads\/2015\/05\/verkehr-gro\u00dfe.jpg\" alt=\"Der Wahnsinn auf der Gro\u00dfen Stra\u00dfe in Kleve\" width=\"850\" height=\"595\" \/><\/a><\/p>\n","protected":false},"excerpt":{"rendered":"<p>Der Wahnsinn auf der Gro\u00dfen Stra\u00dfe in Kleve Auf diesem Bild sehen wir nochmal, was sich die Stadtv\u00e4ter von Kleve &hellip; <a href=\"https:\/\/www.kle-blatt.de\/blog\/kleve-in-foto-video\/der-wahnsinn-auf-der-grossen-strasse-in-kleve.html\" class=\"more-link\"><span class=\"more-button\">Weiterlesen<span class=\"screen-reader-text\">Der Wahnsinn auf der Gro\u00dfen Stra\u00dfe in Kleve<\/span><\/span><\/a><\/p>\n","protected":false},"author":2,"featured_media":15174,"comment_status":"closed","ping_status":"closed","sticky":false,"template":"","format":"standard","meta":{"footnotes":""},"categories":[3],"tags":[3186],"class_list":["post-15172","post","type-post","status-publish","format-standard","has-post-thumbnail","hentry","category-kleve-in-foto-video","tag-der-wahnsinn-auf-der-grossen-strasse-in-kleve"],"_links":{"self":[{"href":"https:\/\/www.kle-blatt.de\/blog\/wp-json\/wp\/v2\/posts\/15172","targetHints":{"allow":["GET"]}}],"collection":[{"href":"https:\/\/www.kle-blatt.de\/blog\/wp-json\/wp\/v2\/posts"}],"about":[{"href":"https:\/\/www.kle-blatt.de\/blog\/wp-json\/wp\/v2\/types\/post"}],"author":[{"embeddable":true,"href":"https:\/\/www.kle-blatt.de\/blog\/wp-json\/wp\/v2\/users\/2"}],"replies":[{"embeddable":true,"href":"https:\/\/www.kle-blatt.de\/blog\/wp-json\/wp\/v2\/comments?post=15172"}],"version-history":[{"count":2,"href":"https:\/\/www.kle-blatt.de\/blog\/wp-json\/wp\/v2\/posts\/15172\/revisions"}],"predecessor-version":[{"id":28814,"href":"https:\/\/www.kle-blatt.de\/blog\/wp-json\/wp\/v2\/posts\/15172\/revisions\/28814"}],"wp:featuredmedia":[{"embeddable":true,"href":"https:\/\/www.kle-blatt.de\/blog\/wp-json\/wp\/v2\/media\/15174"}],"wp:attachment":[{"href":"https:\/\/www.kle-blatt.de\/blog\/wp-json\/wp\/v2\/media?parent=15172"}],"wp:term":[{"taxonomy":"category","embeddable":true,"href":"https:\/\/www.kle-blatt.de\/blog\/wp-json\/wp\/v2\/categories?post=15172"},{"taxonomy":"post_tag","embeddable":true,"href":"https:\/\/www.kle-blatt.de\/blog\/wp-json\/wp\/v2\/tags?post=15172"}],"curies":[{"name":"wp","href":"https:\/\/api.w.org\/{rel}","templated":true}]}}