{"id":15230,"date":"2025-06-30T07:10:36","date_gmt":"2025-06-30T05:10:36","guid":{"rendered":"http:\/\/www.kle-blatt.de\/blog\/?p=15230"},"modified":"2025-05-14T12:07:23","modified_gmt":"2025-05-14T10:07:23","slug":"ein-friseur-salon-auf-der-herzogstrasse","status":"publish","type":"post","link":"https:\/\/www.kle-blatt.de\/blog\/kleve-in-foto-video\/aus-dem-privatalbum\/ein-friseur-salon-auf-der-herzogstrasse.html","title":{"rendered":"Warst Du auch beim Friseur-Salon auf der Herzogstra\u00dfe?"},"content":{"rendered":"<p><strong>Ein Friseur-Salon auf der Herzogstra\u00dfe<\/strong><\/p>\n<p>Anfang der Sechziger Jahre lie\u00df man sich u.a. auch auf der Herzogstra\u00dfe im Salon van Berkum die Haare waschen, schneiden, legen, f\u00f6hnen. Es war die Zeit, als die Friseure bei den Damen vorwiegend Dauerwellen, Wasserwellen und Hochsteck-Frisuren machen mussten. Bei den Herren gab es eigentlich nur den Fasson-Schnitt, was immer das war und ist. \ud83d\ude42<\/p>\n<p><a href=\"http:\/\/www.kle-blatt.de\/blog\/wp-content\/uploads\/2015\/05\/salon-van-berkum-herzogstra\u00dfe-1.jpg\"><img loading=\"lazy\" decoding=\"async\" class=\"size-full wp-image-15231 aligncenter\" src=\"https:\/\/www.kle-blatt.de\/blog\/wp-content\/uploads\/2015\/05\/salon-van-berkum-herzogstra\u00dfe-1.jpg\" alt=\"Warst Du auch beim Friseur-Salon auf der Herzogstra\u00dfe?\" width=\"850\" height=\"574\" \/><\/a><br \/>\n(Foto: KLE-Blatt)<\/p>\n<p>Hier sehen wir den Meister Theo van Berkum bei der Arbeit. Man sieht das typische Salon-Interieur der Golden Sixties. \ud83d\ude42<br \/>\n\u00dcbrigens: An gleicher Stelle werden aktuell immer noch Haare &#8222;gemacht&#8220;.<\/p>\n<p><a href=\"http:\/\/www.kle-blatt.de\/blog\/wp-content\/uploads\/2015\/05\/salon-van-berkum-herzogstra\u00dfe.jpg\"><img loading=\"lazy\" decoding=\"async\" class=\"size-full wp-image-15232 aligncenter\" src=\"https:\/\/www.kle-blatt.de\/blog\/wp-content\/uploads\/2015\/05\/salon-van-berkum-herzogstra\u00dfe.jpg\" alt=\"Warst Du auch beim Friseur-Salon auf der Herzogstra\u00dfe?\" width=\"850\" height=\"583\" \/><\/a><br \/>\n(Foto: KLE-Blatt)<\/p>\n","protected":false},"excerpt":{"rendered":"<p>Ein Friseur-Salon auf der Herzogstra\u00dfe Anfang der Sechziger Jahre lie\u00df man sich u.a. auch auf der Herzogstra\u00dfe im Salon van &hellip; <a href=\"https:\/\/www.kle-blatt.de\/blog\/kleve-in-foto-video\/aus-dem-privatalbum\/ein-friseur-salon-auf-der-herzogstrasse.html\" class=\"more-link\"><span class=\"more-button\">Weiterlesen<span class=\"screen-reader-text\">Warst Du auch beim Friseur-Salon auf der Herzogstra\u00dfe?<\/span><\/span><\/a><\/p>\n","protected":false},"author":2,"featured_media":15231,"comment_status":"closed","ping_status":"closed","sticky":false,"template":"","format":"standard","meta":{"footnotes":""},"categories":[20],"tags":[3204],"class_list":["post-15230","post","type-post","status-publish","format-standard","has-post-thumbnail","hentry","category-aus-dem-privatalbum","tag-ein-friseur-salon-auf-der-herzogstrasse"],"_links":{"self":[{"href":"https:\/\/www.kle-blatt.de\/blog\/wp-json\/wp\/v2\/posts\/15230","targetHints":{"allow":["GET"]}}],"collection":[{"href":"https:\/\/www.kle-blatt.de\/blog\/wp-json\/wp\/v2\/posts"}],"about":[{"href":"https:\/\/www.kle-blatt.de\/blog\/wp-json\/wp\/v2\/types\/post"}],"author":[{"embeddable":true,"href":"https:\/\/www.kle-blatt.de\/blog\/wp-json\/wp\/v2\/users\/2"}],"replies":[{"embeddable":true,"href":"https:\/\/www.kle-blatt.de\/blog\/wp-json\/wp\/v2\/comments?post=15230"}],"version-history":[{"count":2,"href":"https:\/\/www.kle-blatt.de\/blog\/wp-json\/wp\/v2\/posts\/15230\/revisions"}],"predecessor-version":[{"id":28815,"href":"https:\/\/www.kle-blatt.de\/blog\/wp-json\/wp\/v2\/posts\/15230\/revisions\/28815"}],"wp:featuredmedia":[{"embeddable":true,"href":"https:\/\/www.kle-blatt.de\/blog\/wp-json\/wp\/v2\/media\/15231"}],"wp:attachment":[{"href":"https:\/\/www.kle-blatt.de\/blog\/wp-json\/wp\/v2\/media?parent=15230"}],"wp:term":[{"taxonomy":"category","embeddable":true,"href":"https:\/\/www.kle-blatt.de\/blog\/wp-json\/wp\/v2\/categories?post=15230"},{"taxonomy":"post_tag","embeddable":true,"href":"https:\/\/www.kle-blatt.de\/blog\/wp-json\/wp\/v2\/tags?post=15230"}],"curies":[{"name":"wp","href":"https:\/\/api.w.org\/{rel}","templated":true}]}}