{"id":15241,"date":"2025-07-04T07:10:10","date_gmt":"2025-07-04T05:10:10","guid":{"rendered":"http:\/\/www.kle-blatt.de\/blog\/?p=15241"},"modified":"2025-05-13T11:16:50","modified_gmt":"2025-05-13T09:16:50","slug":"als-moellemann-in-kleve-landete","status":"publish","type":"post","link":"https:\/\/www.kle-blatt.de\/blog\/kleve-in-foto-video\/aus-dem-privatalbum\/als-moellemann-in-kleve-landete.html","title":{"rendered":"Als M\u00f6llemann in Kleve landete"},"content":{"rendered":"<p><strong>Als M\u00f6llemann in Kleve landete<\/strong><\/p>\n<p>In 2002 erlebten die Zuschauer eines Festes im Klever Stadion die gezielte Landung des damals bekannten FDP-Politikers J\u00fcrgen M\u00f6llemann mit seinem in Parteifarben zu sehenden Fallschirm. Der Staatsmann war seinerzeit bekannt f\u00fcr seine Affinit\u00e4t zu diesem gef\u00e4hrlichen Sport. Leider wurde diese Leidenschaft auch sp\u00e4ter zu seinem Schicksal.<\/p>\n<p><a href=\"http:\/\/www.kle-blatt.de\/blog\/wp-content\/uploads\/2015\/05\/m\u00f6llemann.jpg\"><img loading=\"lazy\" decoding=\"async\" class=\"size-full wp-image-15242 aligncenter\" src=\"https:\/\/www.kle-blatt.de\/blog\/wp-content\/uploads\/2015\/05\/m\u00f6llemann.jpg\" alt=\"Als M\u00f6llemann in Kleve landete\" width=\"850\" height=\"541\" \/><\/a><br \/>\n(Foto: KLE-Blatt)<\/p>\n","protected":false},"excerpt":{"rendered":"<p>Als M\u00f6llemann in Kleve landete In 2002 erlebten die Zuschauer eines Festes im Klever Stadion die gezielte Landung des damals &hellip; <a href=\"https:\/\/www.kle-blatt.de\/blog\/kleve-in-foto-video\/aus-dem-privatalbum\/als-moellemann-in-kleve-landete.html\" class=\"more-link\"><span class=\"more-button\">Weiterlesen<span class=\"screen-reader-text\">Als M\u00f6llemann in Kleve landete<\/span><\/span><\/a><\/p>\n","protected":false},"author":2,"featured_media":15242,"comment_status":"closed","ping_status":"closed","sticky":false,"template":"","format":"standard","meta":{"footnotes":""},"categories":[20],"tags":[3207],"class_list":["post-15241","post","type-post","status-publish","format-standard","has-post-thumbnail","hentry","category-aus-dem-privatalbum","tag-als-moellemann-in-kleve-landete"],"_links":{"self":[{"href":"https:\/\/www.kle-blatt.de\/blog\/wp-json\/wp\/v2\/posts\/15241","targetHints":{"allow":["GET"]}}],"collection":[{"href":"https:\/\/www.kle-blatt.de\/blog\/wp-json\/wp\/v2\/posts"}],"about":[{"href":"https:\/\/www.kle-blatt.de\/blog\/wp-json\/wp\/v2\/types\/post"}],"author":[{"embeddable":true,"href":"https:\/\/www.kle-blatt.de\/blog\/wp-json\/wp\/v2\/users\/2"}],"replies":[{"embeddable":true,"href":"https:\/\/www.kle-blatt.de\/blog\/wp-json\/wp\/v2\/comments?post=15241"}],"version-history":[{"count":1,"href":"https:\/\/www.kle-blatt.de\/blog\/wp-json\/wp\/v2\/posts\/15241\/revisions"}],"predecessor-version":[{"id":35375,"href":"https:\/\/www.kle-blatt.de\/blog\/wp-json\/wp\/v2\/posts\/15241\/revisions\/35375"}],"wp:featuredmedia":[{"embeddable":true,"href":"https:\/\/www.kle-blatt.de\/blog\/wp-json\/wp\/v2\/media\/15242"}],"wp:attachment":[{"href":"https:\/\/www.kle-blatt.de\/blog\/wp-json\/wp\/v2\/media?parent=15241"}],"wp:term":[{"taxonomy":"category","embeddable":true,"href":"https:\/\/www.kle-blatt.de\/blog\/wp-json\/wp\/v2\/categories?post=15241"},{"taxonomy":"post_tag","embeddable":true,"href":"https:\/\/www.kle-blatt.de\/blog\/wp-json\/wp\/v2\/tags?post=15241"}],"curies":[{"name":"wp","href":"https:\/\/api.w.org\/{rel}","templated":true}]}}