{"id":15377,"date":"2024-07-29T06:00:58","date_gmt":"2024-07-29T04:00:58","guid":{"rendered":"http:\/\/www.kle-blatt.de\/blog\/?p=15377"},"modified":"2024-06-10T11:25:33","modified_gmt":"2024-06-10T09:25:33","slug":"die-kochkueche-der-heil-und-pflegeanstalt","status":"publish","type":"post","link":"https:\/\/www.kle-blatt.de\/blog\/kleve-in-foto-video\/die-kochkueche-der-heil-und-pflegeanstalt.html","title":{"rendered":"Die Kochk\u00fcche der Heil- und Pflegeanstalt"},"content":{"rendered":"<p><strong>Die Kochk\u00fcche der Heil- und Pflegeanstalt<\/strong><\/p>\n<p>Hier g\u00f6nnen wir uns einen Blick in eine Gro\u00dfk\u00fcche. Es ist die der Heil- und Pflegeanstalt von Bedburg-Hau in den Anfangsjahren. Heute sehen die Kocht\u00f6pfe und Ger\u00e4tschaften sicher etwas anders aus als damals. Aber ob das Essen durch Modernisierung besser und leckerer geworden ist, dar\u00fcber scheiden sich die Geister. \ud83d\ude09<\/p>\n<p><a href=\"http:\/\/www.kle-blatt.de\/blog\/wp-content\/uploads\/2015\/05\/hph-kochkueche1.jpg\"><img loading=\"lazy\" decoding=\"async\" class=\"size-full wp-image-15378 aligncenter\" src=\"https:\/\/www.kle-blatt.de\/blog\/wp-content\/uploads\/2015\/05\/hph-kochkueche1.jpg\" alt=\"Die Kochk\u00fcche der Heil- und Pflegeanstalt\" width=\"850\" height=\"564\" \/><\/a><\/p>\n","protected":false},"excerpt":{"rendered":"<p>Die Kochk\u00fcche der Heil- und Pflegeanstalt Hier g\u00f6nnen wir uns einen Blick in eine Gro\u00dfk\u00fcche. Es ist die der Heil- &hellip; <a href=\"https:\/\/www.kle-blatt.de\/blog\/kleve-in-foto-video\/die-kochkueche-der-heil-und-pflegeanstalt.html\" class=\"more-link\"><span class=\"more-button\">Weiterlesen<span class=\"screen-reader-text\">Die Kochk\u00fcche der Heil- und Pflegeanstalt<\/span><\/span><\/a><\/p>\n","protected":false},"author":2,"featured_media":15378,"comment_status":"closed","ping_status":"closed","sticky":false,"template":"","format":"standard","meta":{"footnotes":""},"categories":[3],"tags":[3224],"class_list":["post-15377","post","type-post","status-publish","format-standard","has-post-thumbnail","hentry","category-kleve-in-foto-video","tag-die-kochkueche-der-heil-und-pflegeanstalt"],"_links":{"self":[{"href":"https:\/\/www.kle-blatt.de\/blog\/wp-json\/wp\/v2\/posts\/15377","targetHints":{"allow":["GET"]}}],"collection":[{"href":"https:\/\/www.kle-blatt.de\/blog\/wp-json\/wp\/v2\/posts"}],"about":[{"href":"https:\/\/www.kle-blatt.de\/blog\/wp-json\/wp\/v2\/types\/post"}],"author":[{"embeddable":true,"href":"https:\/\/www.kle-blatt.de\/blog\/wp-json\/wp\/v2\/users\/2"}],"replies":[{"embeddable":true,"href":"https:\/\/www.kle-blatt.de\/blog\/wp-json\/wp\/v2\/comments?post=15377"}],"version-history":[{"count":2,"href":"https:\/\/www.kle-blatt.de\/blog\/wp-json\/wp\/v2\/posts\/15377\/revisions"}],"predecessor-version":[{"id":33993,"href":"https:\/\/www.kle-blatt.de\/blog\/wp-json\/wp\/v2\/posts\/15377\/revisions\/33993"}],"wp:featuredmedia":[{"embeddable":true,"href":"https:\/\/www.kle-blatt.de\/blog\/wp-json\/wp\/v2\/media\/15378"}],"wp:attachment":[{"href":"https:\/\/www.kle-blatt.de\/blog\/wp-json\/wp\/v2\/media?parent=15377"}],"wp:term":[{"taxonomy":"category","embeddable":true,"href":"https:\/\/www.kle-blatt.de\/blog\/wp-json\/wp\/v2\/categories?post=15377"},{"taxonomy":"post_tag","embeddable":true,"href":"https:\/\/www.kle-blatt.de\/blog\/wp-json\/wp\/v2\/tags?post=15377"}],"curies":[{"name":"wp","href":"https:\/\/api.w.org\/{rel}","templated":true}]}}