{"id":15388,"date":"2018-07-17T07:10:11","date_gmt":"2018-07-17T05:10:11","guid":{"rendered":"http:\/\/www.kle-blatt.de\/blog\/?p=15388"},"modified":"2018-06-25T14:11:11","modified_gmt":"2018-06-25T12:11:11","slug":"der-muehlenteich-von-kleve","status":"publish","type":"post","link":"https:\/\/www.kle-blatt.de\/blog\/kleve-in-foto-video\/der-muehlenteich-von-kleve.html","title":{"rendered":"Kennst Du den M\u00fchlenteich von Kleve?"},"content":{"rendered":"<p><strong>Kennst Du den M\u00fchlenteich von Kleve?<\/strong><\/p>\n<p>Auf der Karte steht &#8222;Partie am M\u00fchlenteich&#8220; in Cleve. Also hie\u00df dieser Teil des Kermisdahl bei der Boots-Anlegestelle von Scho damals wohl so. Wir sehen einige Leute in den Booten. Warten die auf den Karten-Abreisser oder den Startschuss zur Ruder-Regatta? Wer wei\u00df?<\/p>\n<p><a href=\"http:\/\/www.kle-blatt.de\/blog\/wp-content\/uploads\/2015\/05\/muehlenteich.jpg\"><img loading=\"lazy\" decoding=\"async\" class=\"alignleft size-full wp-image-15389\" src=\"http:\/\/www.kle-blatt.de\/blog\/wp-content\/uploads\/2015\/05\/muehlenteich.jpg\" alt=\"Kennst Du den M\u00fchlenteich von Kleve?\" width=\"850\" height=\"531\" \/><\/a><\/p>\n","protected":false},"excerpt":{"rendered":"<p>Kennst Du den M\u00fchlenteich von Kleve? Auf der Karte steht &#8222;Partie am M\u00fchlenteich&#8220; in Cleve. Also hie\u00df dieser Teil des &hellip; <a href=\"https:\/\/www.kle-blatt.de\/blog\/kleve-in-foto-video\/der-muehlenteich-von-kleve.html\" class=\"more-link\"><span class=\"more-button\">Weiterlesen<span class=\"screen-reader-text\">Kennst Du den M\u00fchlenteich von Kleve?<\/span><\/span><\/a><\/p>\n","protected":false},"author":2,"featured_media":0,"comment_status":"open","ping_status":"closed","sticky":false,"template":"","format":"standard","meta":{"footnotes":""},"categories":[3],"tags":[3227],"class_list":["post-15388","post","type-post","status-publish","format-standard","hentry","category-kleve-in-foto-video","tag-der-muehlenteich-von-kleve"],"_links":{"self":[{"href":"https:\/\/www.kle-blatt.de\/blog\/wp-json\/wp\/v2\/posts\/15388","targetHints":{"allow":["GET"]}}],"collection":[{"href":"https:\/\/www.kle-blatt.de\/blog\/wp-json\/wp\/v2\/posts"}],"about":[{"href":"https:\/\/www.kle-blatt.de\/blog\/wp-json\/wp\/v2\/types\/post"}],"author":[{"embeddable":true,"href":"https:\/\/www.kle-blatt.de\/blog\/wp-json\/wp\/v2\/users\/2"}],"replies":[{"embeddable":true,"href":"https:\/\/www.kle-blatt.de\/blog\/wp-json\/wp\/v2\/comments?post=15388"}],"version-history":[{"count":0,"href":"https:\/\/www.kle-blatt.de\/blog\/wp-json\/wp\/v2\/posts\/15388\/revisions"}],"wp:attachment":[{"href":"https:\/\/www.kle-blatt.de\/blog\/wp-json\/wp\/v2\/media?parent=15388"}],"wp:term":[{"taxonomy":"category","embeddable":true,"href":"https:\/\/www.kle-blatt.de\/blog\/wp-json\/wp\/v2\/categories?post=15388"},{"taxonomy":"post_tag","embeddable":true,"href":"https:\/\/www.kle-blatt.de\/blog\/wp-json\/wp\/v2\/tags?post=15388"}],"curies":[{"name":"wp","href":"https:\/\/api.w.org\/{rel}","templated":true}]}}