{"id":15418,"date":"2024-07-28T06:00:14","date_gmt":"2024-07-28T04:00:14","guid":{"rendered":"http:\/\/www.kle-blatt.de\/blog\/?p=15418"},"modified":"2024-06-10T11:21:29","modified_gmt":"2024-06-10T09:21:29","slug":"das-burgtheater-in-kleve-der-aufgang","status":"publish","type":"post","link":"https:\/\/www.kle-blatt.de\/blog\/kleve-in-foto-video\/aus-dem-privatalbum\/das-burgtheater-in-kleve-der-aufgang.html","title":{"rendered":"Erinnerst Du Dich? Das Burgtheater in Kleve &#8211; Der Aufgang"},"content":{"rendered":"<p><strong>Erinnerst Du Dich? Das Burgtheater in Kleve &#8211; Der Aufgang<\/strong><\/p>\n<p>Ein sich abl\u00f6sendes Plakat des Films &#8222;Peter Pan&#8220; im Schaukasten des Aufgangs zum Kino-Saal des Burgtheaters k\u00fcndigt bereits das Ende des legend\u00e4ren Klever Kinos an.<br \/>\nIn den besten Zeiten stand man f\u00fcr manche Kassenschlager hier Schlange.<br \/>\nViele Klever\/innen verkn\u00fcpfen mit diesem Lichtspielhaus warme und tr\u00e4umerisch sch\u00f6ne Erinnerungen. Sei es an die ersten Filme, die man auf einer gro\u00dfen Leinwand erleben durfte, sei es das erste Date mit einem neuen Freund oder einer neuen Freundin oder auch das H\u00e4ndchen halten mit dem Partner.<\/p>\n<p><a href=\"http:\/\/www.kle-blatt.de\/blog\/wp-content\/uploads\/2015\/05\/DAS-BTK-ENDE-2002-008.jpg\"><img loading=\"lazy\" decoding=\"async\" class=\"size-full wp-image-15419 aligncenter\" src=\"https:\/\/www.kle-blatt.de\/blog\/wp-content\/uploads\/2015\/05\/DAS-BTK-ENDE-2002-008.jpg\" alt=\"Erinnerst Du Dich? Das Burgtheater in Kleve - Der Aufgang\" width=\"850\" height=\"588\" \/><\/a><br \/>\n(Foto: J\u00fcrgen Eickelkamp)<\/p>\n","protected":false},"excerpt":{"rendered":"<p>Erinnerst Du Dich? Das Burgtheater in Kleve &#8211; Der Aufgang Ein sich abl\u00f6sendes Plakat des Films &#8222;Peter Pan&#8220; im Schaukasten &hellip; <a href=\"https:\/\/www.kle-blatt.de\/blog\/kleve-in-foto-video\/aus-dem-privatalbum\/das-burgtheater-in-kleve-der-aufgang.html\" class=\"more-link\"><span class=\"more-button\">Weiterlesen<span class=\"screen-reader-text\">Erinnerst Du Dich? Das Burgtheater in Kleve &#8211; Der Aufgang<\/span><\/span><\/a><\/p>\n","protected":false},"author":2,"featured_media":15419,"comment_status":"closed","ping_status":"closed","sticky":false,"template":"","format":"standard","meta":{"footnotes":""},"categories":[20],"tags":[5015],"class_list":["post-15418","post","type-post","status-publish","format-standard","has-post-thumbnail","hentry","category-aus-dem-privatalbum","tag-erinnerst-du-dich-das-burgtheater-in-kleve-der-aufgang"],"_links":{"self":[{"href":"https:\/\/www.kle-blatt.de\/blog\/wp-json\/wp\/v2\/posts\/15418","targetHints":{"allow":["GET"]}}],"collection":[{"href":"https:\/\/www.kle-blatt.de\/blog\/wp-json\/wp\/v2\/posts"}],"about":[{"href":"https:\/\/www.kle-blatt.de\/blog\/wp-json\/wp\/v2\/types\/post"}],"author":[{"embeddable":true,"href":"https:\/\/www.kle-blatt.de\/blog\/wp-json\/wp\/v2\/users\/2"}],"replies":[{"embeddable":true,"href":"https:\/\/www.kle-blatt.de\/blog\/wp-json\/wp\/v2\/comments?post=15418"}],"version-history":[{"count":2,"href":"https:\/\/www.kle-blatt.de\/blog\/wp-json\/wp\/v2\/posts\/15418\/revisions"}],"predecessor-version":[{"id":33989,"href":"https:\/\/www.kle-blatt.de\/blog\/wp-json\/wp\/v2\/posts\/15418\/revisions\/33989"}],"wp:featuredmedia":[{"embeddable":true,"href":"https:\/\/www.kle-blatt.de\/blog\/wp-json\/wp\/v2\/media\/15419"}],"wp:attachment":[{"href":"https:\/\/www.kle-blatt.de\/blog\/wp-json\/wp\/v2\/media?parent=15418"}],"wp:term":[{"taxonomy":"category","embeddable":true,"href":"https:\/\/www.kle-blatt.de\/blog\/wp-json\/wp\/v2\/categories?post=15418"},{"taxonomy":"post_tag","embeddable":true,"href":"https:\/\/www.kle-blatt.de\/blog\/wp-json\/wp\/v2\/tags?post=15418"}],"curies":[{"name":"wp","href":"https:\/\/api.w.org\/{rel}","templated":true}]}}