{"id":15428,"date":"2025-07-25T07:30:27","date_gmt":"2025-07-25T05:30:27","guid":{"rendered":"http:\/\/www.kle-blatt.de\/blog\/?p=15428"},"modified":"2025-05-13T12:23:59","modified_gmt":"2025-05-13T10:23:59","slug":"im-caliente-mit-dave","status":"publish","type":"post","link":"https:\/\/www.kle-blatt.de\/blog\/kleve-in-foto-video\/aus-dem-privatalbum\/im-caliente-mit-dave.html","title":{"rendered":"Warst Du damals auch im Caliente bei Dave?"},"content":{"rendered":"<p><strong>Warst Du damals auch im Caliente bei Dave?<\/strong><\/p>\n<p>Man m\u00fcsste ihn mal fragen, woran er dachte, als er seiner Disko in Kleve diesen Namen gab. Im spanischen W\u00f6rterbuch hat der Begriff &#8222;Caliente&#8220; n\u00e4mlich diverse Bedeutungen, als da w\u00e4ren: warm, scharf, hei\u00df, geil oder sexuell erregend.<br \/>\nNun &#8211; einige der Begriffe trafen es ja tats\u00e4chlich auf den Punkt oder wer, der damals im Caliente war, will bestreiten, das es sich um einen geilen Tanz-Schuppen gehandelt hat?<br \/>\nM\u00f6glicherweise ist das auch ein Irrtum und Dave dachte an ein Dorf im Lincoln County im US-Bundesstaat Nevada mit dem Namen &#8222;Caliente&#8220;, das tats\u00e4chlich existiert. Aber wer daran glaubt, der glaubt auch an den heiligen Bimbam.<\/p>\n<p><a href=\"http:\/\/www.kle-blatt.de\/blog\/wp-content\/uploads\/2015\/06\/caliente-1.jpg\"><img loading=\"lazy\" decoding=\"async\" class=\"size-full wp-image-15429 aligncenter\" src=\"https:\/\/www.kle-blatt.de\/blog\/wp-content\/uploads\/2015\/06\/caliente-1.jpg\" alt=\"Warst Du damals auch im Caliente bei Dave?\" width=\"850\" height=\"552\" \/><\/a><br \/>\n(Foto: Dave Davis)<\/p>\n","protected":false},"excerpt":{"rendered":"<p>Warst Du damals auch im Caliente bei Dave? Man m\u00fcsste ihn mal fragen, woran er dachte, als er seiner Disko &hellip; <a href=\"https:\/\/www.kle-blatt.de\/blog\/kleve-in-foto-video\/aus-dem-privatalbum\/im-caliente-mit-dave.html\" class=\"more-link\"><span class=\"more-button\">Weiterlesen<span class=\"screen-reader-text\">Warst Du damals auch im Caliente bei Dave?<\/span><\/span><\/a><\/p>\n","protected":false},"author":2,"featured_media":15429,"comment_status":"closed","ping_status":"closed","sticky":false,"template":"","format":"standard","meta":{"footnotes":""},"categories":[20,5279],"tags":[3239],"class_list":["post-15428","post","type-post","status-publish","format-standard","has-post-thumbnail","hentry","category-aus-dem-privatalbum","category-klever-musik-und-diskoszene","tag-im-caliente-mit-dave"],"_links":{"self":[{"href":"https:\/\/www.kle-blatt.de\/blog\/wp-json\/wp\/v2\/posts\/15428","targetHints":{"allow":["GET"]}}],"collection":[{"href":"https:\/\/www.kle-blatt.de\/blog\/wp-json\/wp\/v2\/posts"}],"about":[{"href":"https:\/\/www.kle-blatt.de\/blog\/wp-json\/wp\/v2\/types\/post"}],"author":[{"embeddable":true,"href":"https:\/\/www.kle-blatt.de\/blog\/wp-json\/wp\/v2\/users\/2"}],"replies":[{"embeddable":true,"href":"https:\/\/www.kle-blatt.de\/blog\/wp-json\/wp\/v2\/comments?post=15428"}],"version-history":[{"count":3,"href":"https:\/\/www.kle-blatt.de\/blog\/wp-json\/wp\/v2\/posts\/15428\/revisions"}],"predecessor-version":[{"id":35402,"href":"https:\/\/www.kle-blatt.de\/blog\/wp-json\/wp\/v2\/posts\/15428\/revisions\/35402"}],"wp:featuredmedia":[{"embeddable":true,"href":"https:\/\/www.kle-blatt.de\/blog\/wp-json\/wp\/v2\/media\/15429"}],"wp:attachment":[{"href":"https:\/\/www.kle-blatt.de\/blog\/wp-json\/wp\/v2\/media?parent=15428"}],"wp:term":[{"taxonomy":"category","embeddable":true,"href":"https:\/\/www.kle-blatt.de\/blog\/wp-json\/wp\/v2\/categories?post=15428"},{"taxonomy":"post_tag","embeddable":true,"href":"https:\/\/www.kle-blatt.de\/blog\/wp-json\/wp\/v2\/tags?post=15428"}],"curies":[{"name":"wp","href":"https:\/\/api.w.org\/{rel}","templated":true}]}}