{"id":15591,"date":"2025-07-25T06:00:55","date_gmt":"2025-07-25T04:00:55","guid":{"rendered":"http:\/\/www.kle-blatt.de\/blog\/?p=15591"},"modified":"2025-05-13T11:40:19","modified_gmt":"2025-05-13T09:40:19","slug":"die-emmericher-chaussee-von-kleve","status":"publish","type":"post","link":"https:\/\/www.kle-blatt.de\/blog\/kleve-in-foto-video\/die-emmericher-chaussee-von-kleve.html","title":{"rendered":"Die Emmericher Chaussee von Kleve"},"content":{"rendered":"<p><strong>Die Emmericher Chaussee von Kleve<\/strong><\/p>\n<p>Heute eine der verkehrsreichsten Stra\u00dfen in Kleve, zeigt sich die Emmericher Stra\u00dfe in Kellen &#8211; damals noch Chaussee &#8211; als Fu\u00dfg\u00e4nger-Stra\u00dfe. Es war um die Jahrhundertwende und Autos waren absolute Mangelware. Vereinzelt sah man ein Fahrrad oder ein Pferdefuhrwerk, aber in der Hauptsache wurde die Stra\u00dfe von Spazierg\u00e4ngern &#8222;bev\u00f6lkert&#8220;. Ein Zustand, von dem die heutigen Anlieger nur tr\u00e4umen k\u00f6nnen.<br \/>\nZur Orientierung: Links sieht man die damalige Gastst\u00e4tte &#8222;Heidelberger Fass&#8220;, die noch vielen Klevern ein Begriff sein d\u00fcrfte.<\/p>\n<p><a href=\"http:\/\/www.kle-blatt.de\/blog\/wp-content\/uploads\/2015\/06\/heidelberger-fass-1.jpg\"><img loading=\"lazy\" decoding=\"async\" class=\"size-full wp-image-15592 aligncenter\" src=\"https:\/\/www.kle-blatt.de\/blog\/wp-content\/uploads\/2015\/06\/heidelberger-fass-1.jpg\" alt=\"Die Emmericher Chaussee von Kleve\" width=\"850\" height=\"509\" \/><\/a><\/p>\n","protected":false},"excerpt":{"rendered":"<p>Die Emmericher Chaussee von Kleve Heute eine der verkehrsreichsten Stra\u00dfen in Kleve, zeigt sich die Emmericher Stra\u00dfe in Kellen &#8211; &hellip; <a href=\"https:\/\/www.kle-blatt.de\/blog\/kleve-in-foto-video\/die-emmericher-chaussee-von-kleve.html\" class=\"more-link\"><span class=\"more-button\">Weiterlesen<span class=\"screen-reader-text\">Die Emmericher Chaussee von Kleve<\/span><\/span><\/a><\/p>\n","protected":false},"author":2,"featured_media":15592,"comment_status":"closed","ping_status":"closed","sticky":false,"template":"","format":"standard","meta":{"footnotes":""},"categories":[3],"tags":[3260],"class_list":["post-15591","post","type-post","status-publish","format-standard","has-post-thumbnail","hentry","category-kleve-in-foto-video","tag-die-emmericher-chaussee-von-kleve"],"_links":{"self":[{"href":"https:\/\/www.kle-blatt.de\/blog\/wp-json\/wp\/v2\/posts\/15591","targetHints":{"allow":["GET"]}}],"collection":[{"href":"https:\/\/www.kle-blatt.de\/blog\/wp-json\/wp\/v2\/posts"}],"about":[{"href":"https:\/\/www.kle-blatt.de\/blog\/wp-json\/wp\/v2\/types\/post"}],"author":[{"embeddable":true,"href":"https:\/\/www.kle-blatt.de\/blog\/wp-json\/wp\/v2\/users\/2"}],"replies":[{"embeddable":true,"href":"https:\/\/www.kle-blatt.de\/blog\/wp-json\/wp\/v2\/comments?post=15591"}],"version-history":[{"count":2,"href":"https:\/\/www.kle-blatt.de\/blog\/wp-json\/wp\/v2\/posts\/15591\/revisions"}],"predecessor-version":[{"id":35392,"href":"https:\/\/www.kle-blatt.de\/blog\/wp-json\/wp\/v2\/posts\/15591\/revisions\/35392"}],"wp:featuredmedia":[{"embeddable":true,"href":"https:\/\/www.kle-blatt.de\/blog\/wp-json\/wp\/v2\/media\/15592"}],"wp:attachment":[{"href":"https:\/\/www.kle-blatt.de\/blog\/wp-json\/wp\/v2\/media?parent=15591"}],"wp:term":[{"taxonomy":"category","embeddable":true,"href":"https:\/\/www.kle-blatt.de\/blog\/wp-json\/wp\/v2\/categories?post=15591"},{"taxonomy":"post_tag","embeddable":true,"href":"https:\/\/www.kle-blatt.de\/blog\/wp-json\/wp\/v2\/tags?post=15591"}],"curies":[{"name":"wp","href":"https:\/\/api.w.org\/{rel}","templated":true}]}}