{"id":15612,"date":"2019-07-11T07:00:23","date_gmt":"2019-07-11T05:00:23","guid":{"rendered":"http:\/\/www.kle-blatt.de\/blog\/?p=15612"},"modified":"2019-06-20T10:59:47","modified_gmt":"2019-06-20T08:59:47","slug":"der-campus-der-hochschule-rhein-waal-am-abend","status":"publish","type":"post","link":"https:\/\/www.kle-blatt.de\/blog\/kleve-in-foto-video\/aus-dem-privatalbum\/der-campus-der-hochschule-rhein-waal-am-abend.html","title":{"rendered":"Der Campus der Hochschule Rhein-Waal am Abend"},"content":{"rendered":"<p><strong>Der Campus der Hochschule Rhein-Waal am Abend<\/strong><\/p>\n<p>Ein sehr stimmungsvolles Bild. Im Abendrot der untergehenden Sonne sehen wir den Lastkran im Vordergrund der Hochschul-Geb\u00e4ude. Auch Kleve bietet immer wieder wundervolle Motive, wenn man denn das entsprechende Licht vorfindet und \u00fcber ein ge\u00fcbtes Auge f\u00fcr die richtigen Motive verf\u00fcgt. Dann alles noch perfekt in Szene setzen mit dem richtigen Equipment &#8211; und schon gibt es sehenswerte Fotos.<\/p>\n<p><a href=\"http:\/\/www.kle-blatt.de\/blog\/wp-content\/uploads\/2015\/06\/campus-am-abend.jpg\"><img loading=\"lazy\" decoding=\"async\" class=\"alignleft size-full wp-image-15613\" src=\"http:\/\/www.kle-blatt.de\/blog\/wp-content\/uploads\/2015\/06\/campus-am-abend.jpg\" alt=\"Der Campus der Hochschule Rhein-Waal am Abend\" width=\"850\" height=\"588\" \/><\/a><br \/>\n(Foto: Christian Flock)<\/p>\n","protected":false},"excerpt":{"rendered":"<p>Der Campus der Hochschule Rhein-Waal am Abend Ein sehr stimmungsvolles Bild. Im Abendrot der untergehenden Sonne sehen wir den Lastkran &hellip; <a href=\"https:\/\/www.kle-blatt.de\/blog\/kleve-in-foto-video\/aus-dem-privatalbum\/der-campus-der-hochschule-rhein-waal-am-abend.html\" class=\"more-link\"><span class=\"more-button\">Weiterlesen<span class=\"screen-reader-text\">Der Campus der Hochschule Rhein-Waal am Abend<\/span><\/span><\/a><\/p>\n","protected":false},"author":2,"featured_media":0,"comment_status":"open","ping_status":"closed","sticky":false,"template":"","format":"standard","meta":{"footnotes":""},"categories":[20,3],"tags":[3265],"class_list":["post-15612","post","type-post","status-publish","format-standard","hentry","category-aus-dem-privatalbum","category-kleve-in-foto-video","tag-der-campus-der-hochschule-rhein-waal-am-abend"],"_links":{"self":[{"href":"https:\/\/www.kle-blatt.de\/blog\/wp-json\/wp\/v2\/posts\/15612","targetHints":{"allow":["GET"]}}],"collection":[{"href":"https:\/\/www.kle-blatt.de\/blog\/wp-json\/wp\/v2\/posts"}],"about":[{"href":"https:\/\/www.kle-blatt.de\/blog\/wp-json\/wp\/v2\/types\/post"}],"author":[{"embeddable":true,"href":"https:\/\/www.kle-blatt.de\/blog\/wp-json\/wp\/v2\/users\/2"}],"replies":[{"embeddable":true,"href":"https:\/\/www.kle-blatt.de\/blog\/wp-json\/wp\/v2\/comments?post=15612"}],"version-history":[{"count":0,"href":"https:\/\/www.kle-blatt.de\/blog\/wp-json\/wp\/v2\/posts\/15612\/revisions"}],"wp:attachment":[{"href":"https:\/\/www.kle-blatt.de\/blog\/wp-json\/wp\/v2\/media?parent=15612"}],"wp:term":[{"taxonomy":"category","embeddable":true,"href":"https:\/\/www.kle-blatt.de\/blog\/wp-json\/wp\/v2\/categories?post=15612"},{"taxonomy":"post_tag","embeddable":true,"href":"https:\/\/www.kle-blatt.de\/blog\/wp-json\/wp\/v2\/tags?post=15612"}],"curies":[{"name":"wp","href":"https:\/\/api.w.org\/{rel}","templated":true}]}}