{"id":15638,"date":"2021-07-07T06:00:35","date_gmt":"2021-07-07T04:00:35","guid":{"rendered":"http:\/\/www.kle-blatt.de\/blog\/?p=15638"},"modified":"2021-06-18T09:28:36","modified_gmt":"2021-06-18T07:28:36","slug":"eine-prachtvolle-sommerwiese","status":"publish","type":"post","link":"https:\/\/www.kle-blatt.de\/blog\/kleve-in-foto-video\/aus-dem-privatalbum\/eine-prachtvolle-sommerwiese.html","title":{"rendered":"Kennst Du auch eine prachtvolle Klever Sommerwiese?"},"content":{"rendered":"<p><strong>Kennst Du auch eine prachtvolle Klever Sommerwiese?<\/strong><\/p>\n<p>Es soll Menschen geben, die noch nie eine bunte Sommerwiese gesehen haben. Und wenn man den Berichten in den Zeitungen Glauben schenken darf, dann wird die Chance dazu immer geringer, denn die Sommer-bunten Fl\u00e4chen aus purer Natur verschwinden mittlerweile auch aus den l\u00e4ndlichen Gebieten.<br \/>\nEin Gl\u00fcck, das es in Kleve und Umgebung noch einige dieser wundervollen Wiesen mit Margeriten, Klatschmohn, G\u00e4nsebl\u00fcmchen und Butterblumen gibt. Au\u00dferdem k\u00f6nnen hier die Bienen ihrem Job viel gen\u00fcsslicher und einfacher nachgehen. \ud83d\ude09<\/p>\n<p><a href=\"http:\/\/www.kle-blatt.de\/blog\/wp-content\/uploads\/2015\/06\/sommerwiese.jpg\"><img loading=\"lazy\" decoding=\"async\" class=\"size-full wp-image-15639 aligncenter\" src=\"https:\/\/www.kle-blatt.de\/blog\/wp-content\/uploads\/2015\/06\/sommerwiese.jpg\" alt=\"Kennst Du auch eine prachtvolle Klever Sommerwiese?\" width=\"850\" height=\"533\" \/><\/a><br \/>\n(Foto: Maro Fotodesign)<\/p>\n","protected":false},"excerpt":{"rendered":"<p>Kennst Du auch eine prachtvolle Klever Sommerwiese? Es soll Menschen geben, die noch nie eine bunte Sommerwiese gesehen haben. Und &hellip; <a href=\"https:\/\/www.kle-blatt.de\/blog\/kleve-in-foto-video\/aus-dem-privatalbum\/eine-prachtvolle-sommerwiese.html\" class=\"more-link\"><span class=\"more-button\">Weiterlesen<span class=\"screen-reader-text\">Kennst Du auch eine prachtvolle Klever Sommerwiese?<\/span><\/span><\/a><\/p>\n","protected":false},"author":2,"featured_media":15639,"comment_status":"open","ping_status":"closed","sticky":false,"template":"","format":"standard","meta":{"footnotes":""},"categories":[20],"tags":[3274],"class_list":["post-15638","post","type-post","status-publish","format-standard","has-post-thumbnail","hentry","category-aus-dem-privatalbum","tag-eine-prachtvolle-sommerwiese"],"_links":{"self":[{"href":"https:\/\/www.kle-blatt.de\/blog\/wp-json\/wp\/v2\/posts\/15638","targetHints":{"allow":["GET"]}}],"collection":[{"href":"https:\/\/www.kle-blatt.de\/blog\/wp-json\/wp\/v2\/posts"}],"about":[{"href":"https:\/\/www.kle-blatt.de\/blog\/wp-json\/wp\/v2\/types\/post"}],"author":[{"embeddable":true,"href":"https:\/\/www.kle-blatt.de\/blog\/wp-json\/wp\/v2\/users\/2"}],"replies":[{"embeddable":true,"href":"https:\/\/www.kle-blatt.de\/blog\/wp-json\/wp\/v2\/comments?post=15638"}],"version-history":[{"count":2,"href":"https:\/\/www.kle-blatt.de\/blog\/wp-json\/wp\/v2\/posts\/15638\/revisions"}],"predecessor-version":[{"id":28962,"href":"https:\/\/www.kle-blatt.de\/blog\/wp-json\/wp\/v2\/posts\/15638\/revisions\/28962"}],"wp:featuredmedia":[{"embeddable":true,"href":"https:\/\/www.kle-blatt.de\/blog\/wp-json\/wp\/v2\/media\/15639"}],"wp:attachment":[{"href":"https:\/\/www.kle-blatt.de\/blog\/wp-json\/wp\/v2\/media?parent=15638"}],"wp:term":[{"taxonomy":"category","embeddable":true,"href":"https:\/\/www.kle-blatt.de\/blog\/wp-json\/wp\/v2\/categories?post=15638"},{"taxonomy":"post_tag","embeddable":true,"href":"https:\/\/www.kle-blatt.de\/blog\/wp-json\/wp\/v2\/tags?post=15638"}],"curies":[{"name":"wp","href":"https:\/\/api.w.org\/{rel}","templated":true}]}}