{"id":15820,"date":"2024-08-09T06:00:36","date_gmt":"2024-08-09T04:00:36","guid":{"rendered":"http:\/\/www.kle-blatt.de\/blog\/?p=15820"},"modified":"2024-07-03T12:19:11","modified_gmt":"2024-07-03T10:19:11","slug":"der-hohenzollernbrunnen-von-bad-cleve","status":"publish","type":"post","link":"https:\/\/www.kle-blatt.de\/blog\/kleve-in-foto-video\/der-hohenzollernbrunnen-von-bad-cleve.html","title":{"rendered":"Der Hohenzollernbrunnen von Bad Cleve"},"content":{"rendered":"<p><strong>Der Hohenzollernbrunnen von Bad Cleve<\/strong><\/p>\n<p>Heute vor genau 115 Jahren besuchte Kaiser Wilhelm II. mit gro\u00dfem Gefolge die Stadt Kleve und enth\u00fcllte bei einer f\u00fcr provinzielle Verh\u00e4ltnisse gro\u00dfartigen Feier den Hohenzollernbrunnen auf dem Kleinen Markt, wie wir es hier sehen. Im Hintergrund erkennt man das damals weit \u00fcber die Grenzen hinaus bekannte Hotel &#8222;Zum Gro\u00dfen Kurf\u00fcrsten&#8220;.<br \/>\nWie jeder wei\u00df, steht das Denkmal heute im Schatten der Schwanenburg vor dem Marstall und man kennt es nur noch als das Reiterbild vom Kurf\u00fcrsten.<\/p>\n<p><a href=\"http:\/\/www.kle-blatt.de\/blog\/wp-content\/uploads\/2015\/07\/1brunnen.jpg\"><img loading=\"lazy\" decoding=\"async\" class=\"size-full wp-image-15821 aligncenter\" src=\"https:\/\/www.kle-blatt.de\/blog\/wp-content\/uploads\/2015\/07\/1brunnen.jpg\" alt=\"Der Hohenzollernbrunnen von Bad Cleve\" width=\"860\" height=\"1006\" \/><\/a><\/p>\n","protected":false},"excerpt":{"rendered":"<p>Der Hohenzollernbrunnen von Bad Cleve Heute vor genau 115 Jahren besuchte Kaiser Wilhelm II. mit gro\u00dfem Gefolge die Stadt Kleve &hellip; <a href=\"https:\/\/www.kle-blatt.de\/blog\/kleve-in-foto-video\/der-hohenzollernbrunnen-von-bad-cleve.html\" class=\"more-link\"><span class=\"more-button\">Weiterlesen<span class=\"screen-reader-text\">Der Hohenzollernbrunnen von Bad Cleve<\/span><\/span><\/a><\/p>\n","protected":false},"author":2,"featured_media":15821,"comment_status":"closed","ping_status":"closed","sticky":false,"template":"","format":"standard","meta":{"footnotes":""},"categories":[3],"tags":[3298],"class_list":["post-15820","post","type-post","status-publish","format-standard","has-post-thumbnail","hentry","category-kleve-in-foto-video","tag-der-hohenzollernbrunnen-von-bad-cleve"],"_links":{"self":[{"href":"https:\/\/www.kle-blatt.de\/blog\/wp-json\/wp\/v2\/posts\/15820","targetHints":{"allow":["GET"]}}],"collection":[{"href":"https:\/\/www.kle-blatt.de\/blog\/wp-json\/wp\/v2\/posts"}],"about":[{"href":"https:\/\/www.kle-blatt.de\/blog\/wp-json\/wp\/v2\/types\/post"}],"author":[{"embeddable":true,"href":"https:\/\/www.kle-blatt.de\/blog\/wp-json\/wp\/v2\/users\/2"}],"replies":[{"embeddable":true,"href":"https:\/\/www.kle-blatt.de\/blog\/wp-json\/wp\/v2\/comments?post=15820"}],"version-history":[{"count":2,"href":"https:\/\/www.kle-blatt.de\/blog\/wp-json\/wp\/v2\/posts\/15820\/revisions"}],"predecessor-version":[{"id":34059,"href":"https:\/\/www.kle-blatt.de\/blog\/wp-json\/wp\/v2\/posts\/15820\/revisions\/34059"}],"wp:featuredmedia":[{"embeddable":true,"href":"https:\/\/www.kle-blatt.de\/blog\/wp-json\/wp\/v2\/media\/15821"}],"wp:attachment":[{"href":"https:\/\/www.kle-blatt.de\/blog\/wp-json\/wp\/v2\/media?parent=15820"}],"wp:term":[{"taxonomy":"category","embeddable":true,"href":"https:\/\/www.kle-blatt.de\/blog\/wp-json\/wp\/v2\/categories?post=15820"},{"taxonomy":"post_tag","embeddable":true,"href":"https:\/\/www.kle-blatt.de\/blog\/wp-json\/wp\/v2\/tags?post=15820"}],"curies":[{"name":"wp","href":"https:\/\/api.w.org\/{rel}","templated":true}]}}