{"id":15841,"date":"2024-09-15T06:00:04","date_gmt":"2024-09-15T04:00:04","guid":{"rendered":"http:\/\/www.kle-blatt.de\/blog\/?p=15841"},"modified":"2024-07-23T10:53:49","modified_gmt":"2024-07-23T08:53:49","slug":"eine-mauer-in-kleve","status":"publish","type":"post","link":"https:\/\/www.kle-blatt.de\/blog\/kleve-in-foto-video\/eine-mauer-in-kleve.html","title":{"rendered":"Eine Mauer in Kleve"},"content":{"rendered":"<p><strong>Eine Mauer in Kleve<\/strong><\/p>\n<p>Wir sehen sie hier links. Eine etwa 3,00\u00a0Meter hohe Mauer steht dort mitten in Kleve. Warum wohl? Zur Orientierung: Die beiden M\u00e4nner mit dem Handkarren laufen gerade \u00fcber die &#8222;Wei\u00dfe Br\u00fccke&#8220;, die heutige Worcester-Br\u00fccke. Rechts unten der Kermisdahl beim damaligen Haus Scho. Da standen noch zahlreiche gro\u00dfe B\u00e4ume, die eine sofortige Identifizierung der Lokalit\u00e4t ein wenig verschleiert haben. \ud83d\ude42<\/p>\n<p><a href=\"http:\/\/www.kle-blatt.de\/blog\/wp-content\/uploads\/2015\/07\/cleve-mit-schwanenburg-2.jpg\"><img loading=\"lazy\" decoding=\"async\" class=\"size-full wp-image-15842 aligncenter\" src=\"https:\/\/www.kle-blatt.de\/blog\/wp-content\/uploads\/2015\/07\/cleve-mit-schwanenburg-2.jpg\" alt=\"Eine Mauer in Kleve\" width=\"849\" height=\"557\" \/><\/a><\/p>\n","protected":false},"excerpt":{"rendered":"<p>Eine Mauer in Kleve Wir sehen sie hier links. Eine etwa 3,00\u00a0Meter hohe Mauer steht dort mitten in Kleve. Warum &hellip; <a href=\"https:\/\/www.kle-blatt.de\/blog\/kleve-in-foto-video\/eine-mauer-in-kleve.html\" class=\"more-link\"><span class=\"more-button\">Weiterlesen<span class=\"screen-reader-text\">Eine Mauer in Kleve<\/span><\/span><\/a><\/p>\n","protected":false},"author":2,"featured_media":15842,"comment_status":"closed","ping_status":"closed","sticky":false,"template":"","format":"standard","meta":{"footnotes":""},"categories":[3],"tags":[3304],"class_list":["post-15841","post","type-post","status-publish","format-standard","has-post-thumbnail","hentry","category-kleve-in-foto-video","tag-eine-mauer-in-kleve"],"_links":{"self":[{"href":"https:\/\/www.kle-blatt.de\/blog\/wp-json\/wp\/v2\/posts\/15841","targetHints":{"allow":["GET"]}}],"collection":[{"href":"https:\/\/www.kle-blatt.de\/blog\/wp-json\/wp\/v2\/posts"}],"about":[{"href":"https:\/\/www.kle-blatt.de\/blog\/wp-json\/wp\/v2\/types\/post"}],"author":[{"embeddable":true,"href":"https:\/\/www.kle-blatt.de\/blog\/wp-json\/wp\/v2\/users\/2"}],"replies":[{"embeddable":true,"href":"https:\/\/www.kle-blatt.de\/blog\/wp-json\/wp\/v2\/comments?post=15841"}],"version-history":[{"count":2,"href":"https:\/\/www.kle-blatt.de\/blog\/wp-json\/wp\/v2\/posts\/15841\/revisions"}],"predecessor-version":[{"id":34165,"href":"https:\/\/www.kle-blatt.de\/blog\/wp-json\/wp\/v2\/posts\/15841\/revisions\/34165"}],"wp:featuredmedia":[{"embeddable":true,"href":"https:\/\/www.kle-blatt.de\/blog\/wp-json\/wp\/v2\/media\/15842"}],"wp:attachment":[{"href":"https:\/\/www.kle-blatt.de\/blog\/wp-json\/wp\/v2\/media?parent=15841"}],"wp:term":[{"taxonomy":"category","embeddable":true,"href":"https:\/\/www.kle-blatt.de\/blog\/wp-json\/wp\/v2\/categories?post=15841"},{"taxonomy":"post_tag","embeddable":true,"href":"https:\/\/www.kle-blatt.de\/blog\/wp-json\/wp\/v2\/tags?post=15841"}],"curies":[{"name":"wp","href":"https:\/\/api.w.org\/{rel}","templated":true}]}}