{"id":15890,"date":"2024-08-31T07:00:34","date_gmt":"2024-08-31T05:00:34","guid":{"rendered":"http:\/\/www.kle-blatt.de\/blog\/?p=15890"},"modified":"2024-07-04T14:38:45","modified_gmt":"2024-07-04T12:38:45","slug":"der-bunte-fischmarkt-von-kleve","status":"publish","type":"post","link":"https:\/\/www.kle-blatt.de\/blog\/kleve-in-foto-video\/der-bunte-fischmarkt-von-kleve.html","title":{"rendered":"So noch gekannt? Der bunte Fischmarkt von Kleve"},"content":{"rendered":"<p><strong>So noch gekannt? Der bunte Fischmarkt von Kleve<\/strong><\/p>\n<p>Bei Ansicht des Bildes ist es kaum zu glauben, das hier einmal Fisch gehandelt wurde. Wir\u00a0erkennen hier den Fischmarkt in den Sechzigern, als\u00a0alle Stra\u00dfen in der Innenstadt noch mit dem Auto befahren werden durften.\u00a0Man sieht Autos die Schlo\u00dfstra\u00dfe herunter kommen. Dort wo die Autos parken steht heute der Lohengrin-Brunnen. Alle hier zu sehenden Gesch\u00e4fte gibt es dort nicht mehr. Ein Anblick, der die Ver\u00e4nderungen einer Stadt wie Kleve sehr bemerkenswert nachweist.<\/p>\n<p><a href=\"http:\/\/www.kle-blatt.de\/blog\/wp-content\/uploads\/2015\/07\/001-fischmarkt-1.jpg\"><img loading=\"lazy\" decoding=\"async\" class=\"size-full wp-image-15891 aligncenter\" src=\"https:\/\/www.kle-blatt.de\/blog\/wp-content\/uploads\/2015\/07\/001-fischmarkt-1.jpg\" alt=\"Der bunte Fischmarkt von Kleve\" width=\"850\" height=\"547\" \/><\/a><\/p>\n","protected":false},"excerpt":{"rendered":"<p>So noch gekannt? Der bunte Fischmarkt von Kleve Bei Ansicht des Bildes ist es kaum zu glauben, das hier einmal &hellip; <a href=\"https:\/\/www.kle-blatt.de\/blog\/kleve-in-foto-video\/der-bunte-fischmarkt-von-kleve.html\" class=\"more-link\"><span class=\"more-button\">Weiterlesen<span class=\"screen-reader-text\">So noch gekannt? Der bunte Fischmarkt von Kleve<\/span><\/span><\/a><\/p>\n","protected":false},"author":2,"featured_media":15891,"comment_status":"closed","ping_status":"closed","sticky":false,"template":"","format":"standard","meta":{"footnotes":""},"categories":[3],"tags":[3317],"class_list":["post-15890","post","type-post","status-publish","format-standard","has-post-thumbnail","hentry","category-kleve-in-foto-video","tag-der-bunte-fischmarkt-von-kleve"],"_links":{"self":[{"href":"https:\/\/www.kle-blatt.de\/blog\/wp-json\/wp\/v2\/posts\/15890","targetHints":{"allow":["GET"]}}],"collection":[{"href":"https:\/\/www.kle-blatt.de\/blog\/wp-json\/wp\/v2\/posts"}],"about":[{"href":"https:\/\/www.kle-blatt.de\/blog\/wp-json\/wp\/v2\/types\/post"}],"author":[{"embeddable":true,"href":"https:\/\/www.kle-blatt.de\/blog\/wp-json\/wp\/v2\/users\/2"}],"replies":[{"embeddable":true,"href":"https:\/\/www.kle-blatt.de\/blog\/wp-json\/wp\/v2\/comments?post=15890"}],"version-history":[{"count":2,"href":"https:\/\/www.kle-blatt.de\/blog\/wp-json\/wp\/v2\/posts\/15890\/revisions"}],"predecessor-version":[{"id":29095,"href":"https:\/\/www.kle-blatt.de\/blog\/wp-json\/wp\/v2\/posts\/15890\/revisions\/29095"}],"wp:featuredmedia":[{"embeddable":true,"href":"https:\/\/www.kle-blatt.de\/blog\/wp-json\/wp\/v2\/media\/15891"}],"wp:attachment":[{"href":"https:\/\/www.kle-blatt.de\/blog\/wp-json\/wp\/v2\/media?parent=15890"}],"wp:term":[{"taxonomy":"category","embeddable":true,"href":"https:\/\/www.kle-blatt.de\/blog\/wp-json\/wp\/v2\/categories?post=15890"},{"taxonomy":"post_tag","embeddable":true,"href":"https:\/\/www.kle-blatt.de\/blog\/wp-json\/wp\/v2\/tags?post=15890"}],"curies":[{"name":"wp","href":"https:\/\/api.w.org\/{rel}","templated":true}]}}