{"id":15915,"date":"2023-08-29T07:00:21","date_gmt":"2023-08-29T05:00:21","guid":{"rendered":"http:\/\/www.kle-blatt.de\/blog\/?p=15915"},"modified":"2023-07-16T13:55:07","modified_gmt":"2023-07-16T11:55:07","slug":"getreideernte-in-kleve","status":"publish","type":"post","link":"https:\/\/www.kle-blatt.de\/blog\/kleve-in-foto-video\/aus-dem-privatalbum\/getreideernte-in-kleve.html","title":{"rendered":"Bist Du dabei? Getreideernte in Kleve"},"content":{"rendered":"<p><strong>Bist Du dabei? Getreideernte in Kleve<\/strong><\/p>\n<p>Im August ist Erntezeit im Kleverland f\u00fcr das Getreide. Hier sehen wir einen Traktor bei der Arbeit. Die in unseren Gebieten angepflanzten Getreidesorten wie Weizen, Roggen, Hafer etc. haben verschiedene Arten der Weiterverarbeitung. Es wird zu Mehl verarbeitet oder findet als Tierfutter Anwendung.<br \/>\nVor Jahren waren die sogenannten &#8222;Heu-H\u00f6pper&#8220; untr\u00fcgliches Zeichen der Erntezeit. Heute wird das Stroh zu gro\u00dfen Ballen geformt, die besser transportabel sind und manchmal auch als &#8222;Riesen-Figuren&#8220; am Stra\u00dfenrand zu bewundern sind.<\/p>\n<p><a href=\"http:\/\/www.kle-blatt.de\/blog\/wp-content\/uploads\/2015\/07\/erntezeit.jpg\"><img loading=\"lazy\" decoding=\"async\" class=\"size-full wp-image-15916 aligncenter\" src=\"https:\/\/www.kle-blatt.de\/blog\/wp-content\/uploads\/2015\/07\/erntezeit.jpg\" alt=\"Bist Du dabei? Getreideernte in Kleve\" width=\"850\" height=\"532\" \/><\/a><br \/>\n(Foto: Birgit Merfeld)<\/p>\n","protected":false},"excerpt":{"rendered":"<p>Bist Du dabei? Getreideernte in Kleve Im August ist Erntezeit im Kleverland f\u00fcr das Getreide. Hier sehen wir einen Traktor &hellip; <a href=\"https:\/\/www.kle-blatt.de\/blog\/kleve-in-foto-video\/aus-dem-privatalbum\/getreideernte-in-kleve.html\" class=\"more-link\"><span class=\"more-button\">Weiterlesen<span class=\"screen-reader-text\">Bist Du dabei? Getreideernte in Kleve<\/span><\/span><\/a><\/p>\n","protected":false},"author":2,"featured_media":15916,"comment_status":"open","ping_status":"closed","sticky":false,"template":"","format":"standard","meta":{"footnotes":""},"categories":[20],"tags":[5034],"class_list":["post-15915","post","type-post","status-publish","format-standard","has-post-thumbnail","hentry","category-aus-dem-privatalbum","tag-bist-du-dabei-getreideernte-in-kleve"],"_links":{"self":[{"href":"https:\/\/www.kle-blatt.de\/blog\/wp-json\/wp\/v2\/posts\/15915","targetHints":{"allow":["GET"]}}],"collection":[{"href":"https:\/\/www.kle-blatt.de\/blog\/wp-json\/wp\/v2\/posts"}],"about":[{"href":"https:\/\/www.kle-blatt.de\/blog\/wp-json\/wp\/v2\/types\/post"}],"author":[{"embeddable":true,"href":"https:\/\/www.kle-blatt.de\/blog\/wp-json\/wp\/v2\/users\/2"}],"replies":[{"embeddable":true,"href":"https:\/\/www.kle-blatt.de\/blog\/wp-json\/wp\/v2\/comments?post=15915"}],"version-history":[{"count":2,"href":"https:\/\/www.kle-blatt.de\/blog\/wp-json\/wp\/v2\/posts\/15915\/revisions"}],"predecessor-version":[{"id":32502,"href":"https:\/\/www.kle-blatt.de\/blog\/wp-json\/wp\/v2\/posts\/15915\/revisions\/32502"}],"wp:featuredmedia":[{"embeddable":true,"href":"https:\/\/www.kle-blatt.de\/blog\/wp-json\/wp\/v2\/media\/15916"}],"wp:attachment":[{"href":"https:\/\/www.kle-blatt.de\/blog\/wp-json\/wp\/v2\/media?parent=15915"}],"wp:term":[{"taxonomy":"category","embeddable":true,"href":"https:\/\/www.kle-blatt.de\/blog\/wp-json\/wp\/v2\/categories?post=15915"},{"taxonomy":"post_tag","embeddable":true,"href":"https:\/\/www.kle-blatt.de\/blog\/wp-json\/wp\/v2\/tags?post=15915"}],"curies":[{"name":"wp","href":"https:\/\/api.w.org\/{rel}","templated":true}]}}