{"id":15933,"date":"2022-08-30T06:10:40","date_gmt":"2022-08-30T04:10:40","guid":{"rendered":"http:\/\/www.kle-blatt.de\/blog\/?p=15933"},"modified":"2022-07-19T12:15:44","modified_gmt":"2022-07-19T10:15:44","slug":"als-man-in-kleve-eine-torte-baute","status":"publish","type":"post","link":"https:\/\/www.kle-blatt.de\/blog\/kleve-in-foto-video\/als-man-in-kleve-eine-torte-baute.html","title":{"rendered":"Als man in Kleve eine Torte baute&#8230;"},"content":{"rendered":"<p><strong>Als man in Kleve eine Torte baute&#8230;<\/strong><\/p>\n<p>Es war wohl eines der umstrittensten Bauwerke, das Kleve je gesehen hatte. Mitten in die sch\u00f6ne Fu\u00dfg\u00e4ngerzone hatte sich jemand der Stadt-Oberen einfallen lassen, eine riesige gepflasterte &#8222;Torte&#8220; &#8211; auch Rondell genannt &#8211; hinzubauen. Also kam, was kommen musste. Gestalten aus der &#8222;Schattenwelt&#8220; erkoren sich diesen Platz als Treffpunkt und Anlaufstelle zum bereits allmorgentlichen Verzehr ihrer mitgebrachten Stimmungs-Getr\u00e4nke. Da dieser wundervolle Sammelplatz immer mehr bunte V\u00f6gel anzog, wurde auch immer mehr Abfall dort kunstvoll drapiert.<br \/>\nAnf\u00e4nglich sahen die Verantwortlichen des in unmittelbarer N\u00e4he liegenden McDonald&#8217;s Restaurants sich verpflichtet, dem Rondell von Zeit zu Zeit eine Grundreinigung angedeien zu lassen, was aber weder im Sinne des Erfinders, noch im Aufgabenbereich dieser netten Menschen lag.<br \/>\nDie immer lauter werdenden Aufschreie der Klever Bev\u00f6lkerung ob dieses Zustandes musste man also bald Rechnung tragen und so ebnete man das Teil kurzerhand wieder ein. Was h\u00e4tte man mit dem Geld alles besser machen k\u00f6nnen?<\/p>\n<p><a href=\"http:\/\/www.kle-blatt.de\/blog\/wp-content\/uploads\/2015\/07\/bau-der-torte-klein.jpg\"><img loading=\"lazy\" decoding=\"async\" class=\"size-full wp-image-15934 aligncenter\" src=\"https:\/\/www.kle-blatt.de\/blog\/wp-content\/uploads\/2015\/07\/bau-der-torte-klein.jpg\" alt=\"Als man in Kleve eine Torte baute\" width=\"850\" height=\"549\" \/><\/a><br \/>\n(Foto eingereicht von Duck (Hans-Wilhelm Heek))<\/p>\n","protected":false},"excerpt":{"rendered":"<p>Als man in Kleve eine Torte baute&#8230; Es war wohl eines der umstrittensten Bauwerke, das Kleve je gesehen hatte. Mitten &hellip; <a href=\"https:\/\/www.kle-blatt.de\/blog\/kleve-in-foto-video\/als-man-in-kleve-eine-torte-baute.html\" class=\"more-link\"><span class=\"more-button\">Weiterlesen<span class=\"screen-reader-text\">Als man in Kleve eine Torte baute&#8230;<\/span><\/span><\/a><\/p>\n","protected":false},"author":2,"featured_media":15934,"comment_status":"open","ping_status":"closed","sticky":false,"template":"","format":"standard","meta":{"footnotes":""},"categories":[20,3],"tags":[3327],"class_list":["post-15933","post","type-post","status-publish","format-standard","has-post-thumbnail","hentry","category-aus-dem-privatalbum","category-kleve-in-foto-video","tag-als-man-in-kleve-eine-torte-baute"],"_links":{"self":[{"href":"https:\/\/www.kle-blatt.de\/blog\/wp-json\/wp\/v2\/posts\/15933","targetHints":{"allow":["GET"]}}],"collection":[{"href":"https:\/\/www.kle-blatt.de\/blog\/wp-json\/wp\/v2\/posts"}],"about":[{"href":"https:\/\/www.kle-blatt.de\/blog\/wp-json\/wp\/v2\/types\/post"}],"author":[{"embeddable":true,"href":"https:\/\/www.kle-blatt.de\/blog\/wp-json\/wp\/v2\/users\/2"}],"replies":[{"embeddable":true,"href":"https:\/\/www.kle-blatt.de\/blog\/wp-json\/wp\/v2\/comments?post=15933"}],"version-history":[{"count":2,"href":"https:\/\/www.kle-blatt.de\/blog\/wp-json\/wp\/v2\/posts\/15933\/revisions"}],"predecessor-version":[{"id":30859,"href":"https:\/\/www.kle-blatt.de\/blog\/wp-json\/wp\/v2\/posts\/15933\/revisions\/30859"}],"wp:featuredmedia":[{"embeddable":true,"href":"https:\/\/www.kle-blatt.de\/blog\/wp-json\/wp\/v2\/media\/15934"}],"wp:attachment":[{"href":"https:\/\/www.kle-blatt.de\/blog\/wp-json\/wp\/v2\/media?parent=15933"}],"wp:term":[{"taxonomy":"category","embeddable":true,"href":"https:\/\/www.kle-blatt.de\/blog\/wp-json\/wp\/v2\/categories?post=15933"},{"taxonomy":"post_tag","embeddable":true,"href":"https:\/\/www.kle-blatt.de\/blog\/wp-json\/wp\/v2\/tags?post=15933"}],"curies":[{"name":"wp","href":"https:\/\/api.w.org\/{rel}","templated":true}]}}