{"id":15985,"date":"2025-08-23T06:30:38","date_gmt":"2025-08-23T04:30:38","guid":{"rendered":"http:\/\/www.kle-blatt.de\/blog\/?p=15985"},"modified":"2025-07-04T11:10:03","modified_gmt":"2025-07-04T09:10:03","slug":"strassenverkehr-im-kleve-der-70er","status":"publish","type":"post","link":"https:\/\/www.kle-blatt.de\/blog\/kleve-in-foto-video\/aus-dem-privatalbum\/strassenverkehr-im-kleve-der-70er.html","title":{"rendered":"Hast Du auch im Stra\u00dfenverkehr im Kleve der 70er teilgenommen?"},"content":{"rendered":"<p><strong>Hast Du auch im Stra\u00dfenverkehr im Kleve der 70er teilgenommen?<\/strong><\/p>\n<p>Wir schauen hier auf die vom starken Stra\u00dfenverkehr belastete Herzogbr\u00fccke. Das rote Auto f\u00e4hrt gerade in Richtung Gro\u00dfe Stra\u00dfe, wo normaler Verkehrsbetrieb zu dieser Zeit herrschte. Im Hintergrund rechts sieht man noch den beliebten Verkehrs-Pavillon. Die Fahradfahrer hatten gro\u00dfe Probleme, \u00fcberhaupt die Stra\u00dfe \u00fcberqueren zu k\u00f6nnen.<br \/>\nNun &#8211; dieser Zustand wurde dann ja bald darauf etwas ver\u00e4ndert und damit beendet.<\/p>\n<p><a href=\"http:\/\/www.kle-blatt.de\/blog\/wp-content\/uploads\/2015\/08\/herzogbr\u00fccke-70er.jpg\"><img loading=\"lazy\" decoding=\"async\" class=\"size-full wp-image-15986 aligncenter\" src=\"https:\/\/www.kle-blatt.de\/blog\/wp-content\/uploads\/2015\/08\/herzogbr\u00fccke-70er.jpg\" alt=\"Hast Du auch im Stra\u00dfenverkehr im Kleve der 70er teilgenommen?\" width=\"850\" height=\"672\" \/><\/a><br \/>\n(Foto: Rainer Killemann)<\/p>\n","protected":false},"excerpt":{"rendered":"<p>Hast Du auch im Stra\u00dfenverkehr im Kleve der 70er teilgenommen? Wir schauen hier auf die vom starken Stra\u00dfenverkehr belastete Herzogbr\u00fccke. &hellip; <a href=\"https:\/\/www.kle-blatt.de\/blog\/kleve-in-foto-video\/aus-dem-privatalbum\/strassenverkehr-im-kleve-der-70er.html\" class=\"more-link\"><span class=\"more-button\">Weiterlesen<span class=\"screen-reader-text\">Hast Du auch im Stra\u00dfenverkehr im Kleve der 70er teilgenommen?<\/span><\/span><\/a><\/p>\n","protected":false},"author":2,"featured_media":15986,"comment_status":"closed","ping_status":"closed","sticky":false,"template":"","format":"standard","meta":{"footnotes":""},"categories":[20],"tags":[3342],"class_list":["post-15985","post","type-post","status-publish","format-standard","has-post-thumbnail","hentry","category-aus-dem-privatalbum","tag-strassenverkehr-im-kleve-der-70er"],"_links":{"self":[{"href":"https:\/\/www.kle-blatt.de\/blog\/wp-json\/wp\/v2\/posts\/15985","targetHints":{"allow":["GET"]}}],"collection":[{"href":"https:\/\/www.kle-blatt.de\/blog\/wp-json\/wp\/v2\/posts"}],"about":[{"href":"https:\/\/www.kle-blatt.de\/blog\/wp-json\/wp\/v2\/types\/post"}],"author":[{"embeddable":true,"href":"https:\/\/www.kle-blatt.de\/blog\/wp-json\/wp\/v2\/users\/2"}],"replies":[{"embeddable":true,"href":"https:\/\/www.kle-blatt.de\/blog\/wp-json\/wp\/v2\/comments?post=15985"}],"version-history":[{"count":2,"href":"https:\/\/www.kle-blatt.de\/blog\/wp-json\/wp\/v2\/posts\/15985\/revisions"}],"predecessor-version":[{"id":29029,"href":"https:\/\/www.kle-blatt.de\/blog\/wp-json\/wp\/v2\/posts\/15985\/revisions\/29029"}],"wp:featuredmedia":[{"embeddable":true,"href":"https:\/\/www.kle-blatt.de\/blog\/wp-json\/wp\/v2\/media\/15986"}],"wp:attachment":[{"href":"https:\/\/www.kle-blatt.de\/blog\/wp-json\/wp\/v2\/media?parent=15985"}],"wp:term":[{"taxonomy":"category","embeddable":true,"href":"https:\/\/www.kle-blatt.de\/blog\/wp-json\/wp\/v2\/categories?post=15985"},{"taxonomy":"post_tag","embeddable":true,"href":"https:\/\/www.kle-blatt.de\/blog\/wp-json\/wp\/v2\/tags?post=15985"}],"curies":[{"name":"wp","href":"https:\/\/api.w.org\/{rel}","templated":true}]}}