{"id":15992,"date":"2023-08-27T06:00:14","date_gmt":"2023-08-27T04:00:14","guid":{"rendered":"http:\/\/www.kle-blatt.de\/blog\/?p=15992"},"modified":"2023-07-16T13:02:45","modified_gmt":"2023-07-16T11:02:45","slug":"beginn-der-hallenbad-bauarbeiten-in-kleve","status":"publish","type":"post","link":"https:\/\/www.kle-blatt.de\/blog\/kleve-in-foto-video\/aus-dem-privatalbum\/beginn-der-hallenbad-bauarbeiten-in-kleve.html","title":{"rendered":"Beginn der Hallenbad-Bauarbeiten in Kleve"},"content":{"rendered":"<p><strong>Beginn der Hallenbad-Bauarbeiten in Kleve<\/strong><\/p>\n<p>Im Jahre 1957 begannen die Bauarbeiten zum Klever Hallenbad, das endlich das schmerzlich vermisste und durch den Krieg komplett zerst\u00f6rte Stadtbad ersetzen sollte. Die Kr\u00e4ne sind auf diesem Bild bereits in Aktion, denn das Fundament wird gegossen. Es wurde letztendlich ein sch\u00f6nes Schwimmbad f\u00fcr gro\u00df und klein, f\u00fcr jung und alt und ein gro\u00dfer Teil der Klever Bev\u00f6lkerung hat hier schwimmen gelernt.<\/p>\n<p><a href=\"http:\/\/www.kle-blatt.de\/blog\/wp-content\/uploads\/2015\/08\/von-stra\u00dfe-aus.jpg\"><img loading=\"lazy\" decoding=\"async\" class=\"size-full wp-image-15993 aligncenter\" src=\"https:\/\/www.kle-blatt.de\/blog\/wp-content\/uploads\/2015\/08\/von-stra\u00dfe-aus.jpg\" alt=\"Beginn der Hallenbad-Bauarbeiten in Kleve\" width=\"850\" height=\"1127\" \/><\/a><br \/>\n(Foto: KLE-Blatt)<\/p>\n","protected":false},"excerpt":{"rendered":"<p>Beginn der Hallenbad-Bauarbeiten in Kleve Im Jahre 1957 begannen die Bauarbeiten zum Klever Hallenbad, das endlich das schmerzlich vermisste und &hellip; <a href=\"https:\/\/www.kle-blatt.de\/blog\/kleve-in-foto-video\/aus-dem-privatalbum\/beginn-der-hallenbad-bauarbeiten-in-kleve.html\" class=\"more-link\"><span class=\"more-button\">Weiterlesen<span class=\"screen-reader-text\">Beginn der Hallenbad-Bauarbeiten in Kleve<\/span><\/span><\/a><\/p>\n","protected":false},"author":2,"featured_media":15993,"comment_status":"open","ping_status":"closed","sticky":false,"template":"","format":"standard","meta":{"footnotes":""},"categories":[20],"tags":[3344],"class_list":["post-15992","post","type-post","status-publish","format-standard","has-post-thumbnail","hentry","category-aus-dem-privatalbum","tag-beginn-der-hallenbad-bauarbeiten-in-kleve"],"_links":{"self":[{"href":"https:\/\/www.kle-blatt.de\/blog\/wp-json\/wp\/v2\/posts\/15992","targetHints":{"allow":["GET"]}}],"collection":[{"href":"https:\/\/www.kle-blatt.de\/blog\/wp-json\/wp\/v2\/posts"}],"about":[{"href":"https:\/\/www.kle-blatt.de\/blog\/wp-json\/wp\/v2\/types\/post"}],"author":[{"embeddable":true,"href":"https:\/\/www.kle-blatt.de\/blog\/wp-json\/wp\/v2\/users\/2"}],"replies":[{"embeddable":true,"href":"https:\/\/www.kle-blatt.de\/blog\/wp-json\/wp\/v2\/comments?post=15992"}],"version-history":[{"count":2,"href":"https:\/\/www.kle-blatt.de\/blog\/wp-json\/wp\/v2\/posts\/15992\/revisions"}],"predecessor-version":[{"id":32457,"href":"https:\/\/www.kle-blatt.de\/blog\/wp-json\/wp\/v2\/posts\/15992\/revisions\/32457"}],"wp:featuredmedia":[{"embeddable":true,"href":"https:\/\/www.kle-blatt.de\/blog\/wp-json\/wp\/v2\/media\/15993"}],"wp:attachment":[{"href":"https:\/\/www.kle-blatt.de\/blog\/wp-json\/wp\/v2\/media?parent=15992"}],"wp:term":[{"taxonomy":"category","embeddable":true,"href":"https:\/\/www.kle-blatt.de\/blog\/wp-json\/wp\/v2\/categories?post=15992"},{"taxonomy":"post_tag","embeddable":true,"href":"https:\/\/www.kle-blatt.de\/blog\/wp-json\/wp\/v2\/tags?post=15992"}],"curies":[{"name":"wp","href":"https:\/\/api.w.org\/{rel}","templated":true}]}}