{"id":15998,"date":"2022-08-02T05:30:57","date_gmt":"2022-08-02T03:30:57","guid":{"rendered":"http:\/\/www.kle-blatt.de\/blog\/?p=15998"},"modified":"2022-07-14T12:56:34","modified_gmt":"2022-07-14T10:56:34","slug":"ulli-wanders-singt-waer-doch-nur-frieden","status":"publish","type":"post","link":"https:\/\/www.kle-blatt.de\/blog\/allgemein\/ulli-wanders-singt-waer-doch-nur-frieden.html","title":{"rendered":"Aktueller denn jeh: Ulli Wanders singt: &#8222;W\u00e4r&#8216; doch nur Frieden&#8220;"},"content":{"rendered":"<p><strong>Aktueller denn jeh: Ulli Wanders singt: &#8222;W\u00e4r&#8216; doch nur Frieden&#8220;&#8220;<\/strong><\/p>\n<p>Mitte der 90er Jahre kannte man die Volksmusik- und Schlagers\u00e4ngerin in ganz Kleve und \u00fcber die Grenzen hinaus. Hier wieder eines ihrer Lieder aus der Feder von Willi Liffers und J\u00fcrgen Reintjes. Schon damals besch\u00e4ftigten sich die jungen Menschen mit dem Zustand der politischen Welt und w\u00fcnschten sich das, was 99,99% der Weltbev\u00f6lkerung ebenfalls bevorzugen: Frieden.<\/p>\n<p><iframe loading=\"lazy\" src=\"https:\/\/www.youtube.com\/embed\/pk_9PvtDwcM\" width=\"650\" height=\"460\" frameborder=\"0\" allowfullscreen=\"allowfullscreen\"><\/iframe><\/p>\n","protected":false},"excerpt":{"rendered":"<p>Aktueller denn jeh: Ulli Wanders singt: &#8222;W\u00e4r&#8216; doch nur Frieden&#8220;&#8220; Mitte der 90er Jahre kannte man die Volksmusik- und Schlagers\u00e4ngerin &hellip; <a href=\"https:\/\/www.kle-blatt.de\/blog\/allgemein\/ulli-wanders-singt-waer-doch-nur-frieden.html\" class=\"more-link\"><span class=\"more-button\">Weiterlesen<span class=\"screen-reader-text\">Aktueller denn jeh: Ulli Wanders singt: &#8222;W\u00e4r&#8216; doch nur Frieden&#8220;<\/span><\/span><\/a><\/p>\n","protected":false},"author":2,"featured_media":0,"comment_status":"open","ping_status":"closed","sticky":false,"template":"","format":"standard","meta":{"footnotes":""},"categories":[1,5279],"tags":[3347],"class_list":["post-15998","post","type-post","status-publish","format-standard","hentry","category-allgemein","category-klever-musik-und-diskoszene","tag-ulli-wanders-singt-waer-doch-nur-frieden"],"_links":{"self":[{"href":"https:\/\/www.kle-blatt.de\/blog\/wp-json\/wp\/v2\/posts\/15998","targetHints":{"allow":["GET"]}}],"collection":[{"href":"https:\/\/www.kle-blatt.de\/blog\/wp-json\/wp\/v2\/posts"}],"about":[{"href":"https:\/\/www.kle-blatt.de\/blog\/wp-json\/wp\/v2\/types\/post"}],"author":[{"embeddable":true,"href":"https:\/\/www.kle-blatt.de\/blog\/wp-json\/wp\/v2\/users\/2"}],"replies":[{"embeddable":true,"href":"https:\/\/www.kle-blatt.de\/blog\/wp-json\/wp\/v2\/comments?post=15998"}],"version-history":[{"count":2,"href":"https:\/\/www.kle-blatt.de\/blog\/wp-json\/wp\/v2\/posts\/15998\/revisions"}],"predecessor-version":[{"id":30794,"href":"https:\/\/www.kle-blatt.de\/blog\/wp-json\/wp\/v2\/posts\/15998\/revisions\/30794"}],"wp:attachment":[{"href":"https:\/\/www.kle-blatt.de\/blog\/wp-json\/wp\/v2\/media?parent=15998"}],"wp:term":[{"taxonomy":"category","embeddable":true,"href":"https:\/\/www.kle-blatt.de\/blog\/wp-json\/wp\/v2\/categories?post=15998"},{"taxonomy":"post_tag","embeddable":true,"href":"https:\/\/www.kle-blatt.de\/blog\/wp-json\/wp\/v2\/tags?post=15998"}],"curies":[{"name":"wp","href":"https:\/\/api.w.org\/{rel}","templated":true}]}}