{"id":16012,"date":"2023-08-24T06:10:12","date_gmt":"2023-08-24T04:10:12","guid":{"rendered":"http:\/\/www.kle-blatt.de\/blog\/?p=16012"},"modified":"2023-07-16T12:25:29","modified_gmt":"2023-07-16T10:25:29","slug":"der-musik-pavillon-im-klever-forstgarten","status":"publish","type":"post","link":"https:\/\/www.kle-blatt.de\/blog\/kleve-in-foto-video\/aus-dem-privatalbum\/der-musik-pavillon-im-klever-forstgarten.html","title":{"rendered":"Der Musik-Pavillon im Klever Forstgarten"},"content":{"rendered":"<p><strong>Der Musik-Pavillon im Klever Forstgarten<\/strong><\/p>\n<p>Hinter faszinierenden Tulpen-Beeten sieht man hier den legend\u00e4ren Pavillon im Forstgarten der Sechziger Jahre. Damals hatte man die Anlage noch etwas anders gestaltet, als sie sich heute pr\u00e4sentiert. Aber selbstverst\u00e4ndlich \u00e4ndern sich die Dinge im Laufe der Jahrzehnte. Erkennen kann man alles trotzdem noch.<\/p>\n<p><a href=\"http:\/\/www.kle-blatt.de\/blog\/wp-content\/uploads\/2015\/08\/pavillon-60er.jpg\"><img loading=\"lazy\" decoding=\"async\" class=\"size-full wp-image-16013 aligncenter\" src=\"https:\/\/www.kle-blatt.de\/blog\/wp-content\/uploads\/2015\/08\/pavillon-60er.jpg\" alt=\"Der Musik-Pavillon im Klever Forstgarten\" width=\"849\" height=\"528\" \/><\/a><br \/>\n(Foto: eingereicht von Wolfgang Conrad)<\/p>\n","protected":false},"excerpt":{"rendered":"<p>Der Musik-Pavillon im Klever Forstgarten Hinter faszinierenden Tulpen-Beeten sieht man hier den legend\u00e4ren Pavillon im Forstgarten der Sechziger Jahre. Damals &hellip; <a href=\"https:\/\/www.kle-blatt.de\/blog\/kleve-in-foto-video\/aus-dem-privatalbum\/der-musik-pavillon-im-klever-forstgarten.html\" class=\"more-link\"><span class=\"more-button\">Weiterlesen<span class=\"screen-reader-text\">Der Musik-Pavillon im Klever Forstgarten<\/span><\/span><\/a><\/p>\n","protected":false},"author":2,"featured_media":16013,"comment_status":"open","ping_status":"closed","sticky":false,"template":"","format":"standard","meta":{"footnotes":""},"categories":[20,5279],"tags":[3351],"class_list":["post-16012","post","type-post","status-publish","format-standard","has-post-thumbnail","hentry","category-aus-dem-privatalbum","category-klever-musik-und-diskoszene","tag-der-musik-pavillon-im-klever-forstgarten"],"_links":{"self":[{"href":"https:\/\/www.kle-blatt.de\/blog\/wp-json\/wp\/v2\/posts\/16012","targetHints":{"allow":["GET"]}}],"collection":[{"href":"https:\/\/www.kle-blatt.de\/blog\/wp-json\/wp\/v2\/posts"}],"about":[{"href":"https:\/\/www.kle-blatt.de\/blog\/wp-json\/wp\/v2\/types\/post"}],"author":[{"embeddable":true,"href":"https:\/\/www.kle-blatt.de\/blog\/wp-json\/wp\/v2\/users\/2"}],"replies":[{"embeddable":true,"href":"https:\/\/www.kle-blatt.de\/blog\/wp-json\/wp\/v2\/comments?post=16012"}],"version-history":[{"count":1,"href":"https:\/\/www.kle-blatt.de\/blog\/wp-json\/wp\/v2\/posts\/16012\/revisions"}],"predecessor-version":[{"id":32448,"href":"https:\/\/www.kle-blatt.de\/blog\/wp-json\/wp\/v2\/posts\/16012\/revisions\/32448"}],"wp:featuredmedia":[{"embeddable":true,"href":"https:\/\/www.kle-blatt.de\/blog\/wp-json\/wp\/v2\/media\/16013"}],"wp:attachment":[{"href":"https:\/\/www.kle-blatt.de\/blog\/wp-json\/wp\/v2\/media?parent=16012"}],"wp:term":[{"taxonomy":"category","embeddable":true,"href":"https:\/\/www.kle-blatt.de\/blog\/wp-json\/wp\/v2\/categories?post=16012"},{"taxonomy":"post_tag","embeddable":true,"href":"https:\/\/www.kle-blatt.de\/blog\/wp-json\/wp\/v2\/tags?post=16012"}],"curies":[{"name":"wp","href":"https:\/\/api.w.org\/{rel}","templated":true}]}}