{"id":16021,"date":"2015-08-24T07:10:37","date_gmt":"2015-08-24T05:10:37","guid":{"rendered":"http:\/\/www.kle-blatt.de\/blog\/?p=16021"},"modified":"2015-08-07T11:03:03","modified_gmt":"2015-08-07T09:03:03","slug":"das-krieger-ehrenmal-von-cleve","status":"publish","type":"post","link":"https:\/\/www.kle-blatt.de\/blog\/kleve-in-foto-video\/das-krieger-ehrenmal-von-cleve.html","title":{"rendered":"Das Krieger-Ehrenmal von Cleve"},"content":{"rendered":"<p><strong>Das Krieger-Ehrenmal von Cleve<\/strong><\/p>\n<p>Es stand an der Ecke R\u00f6merstra\u00dfe-Ringstra\u00dfe. Man fuhr quasi darauf zu, wenn man die Gruftstra\u00dfe hoch kam. Es wurde abgerissen, der Matare&#8216;-Krieger auf dem Vorplatz der Stiftskirche verfrachtet und eine Wiese dort angelegt. Warum? Da m\u00fcsste man mal die Verantwortlichen fragen. Vermutlich hatte es auch etwas mit der NS-Zeit zu tun, wo solche Monumente eine besondere Bedeutung genossen.<\/p>\n<p><a href=\"http:\/\/www.kle-blatt.de\/blog\/wp-content\/uploads\/2015\/08\/ehrenmal-kleve.jpg\"><img loading=\"lazy\" decoding=\"async\" class=\"alignleft size-full wp-image-16022\" src=\"http:\/\/www.kle-blatt.de\/blog\/wp-content\/uploads\/2015\/08\/ehrenmal-kleve.jpg\" alt=\"ehrenmal kleve\" width=\"650\" height=\"397\" srcset=\"https:\/\/www.kle-blatt.de\/blog\/wp-content\/uploads\/2015\/08\/ehrenmal-kleve.jpg 650w, https:\/\/www.kle-blatt.de\/blog\/wp-content\/uploads\/2015\/08\/ehrenmal-kleve-300x183.jpg 300w\" sizes=\"auto, (max-width: 650px) 100vw, 650px\" \/><\/a><\/p>\n","protected":false},"excerpt":{"rendered":"<p>Das Krieger-Ehrenmal von Cleve Es stand an der Ecke R\u00f6merstra\u00dfe-Ringstra\u00dfe. Man fuhr quasi darauf zu, wenn man die Gruftstra\u00dfe hoch &hellip; <a href=\"https:\/\/www.kle-blatt.de\/blog\/kleve-in-foto-video\/das-krieger-ehrenmal-von-cleve.html\" class=\"more-link\"><span class=\"more-button\">Weiterlesen<span class=\"screen-reader-text\">Das Krieger-Ehrenmal von Cleve<\/span><\/span><\/a><\/p>\n","protected":false},"author":2,"featured_media":0,"comment_status":"open","ping_status":"closed","sticky":false,"template":"","format":"standard","meta":{"footnotes":""},"categories":[3],"tags":[3354],"class_list":["post-16021","post","type-post","status-publish","format-standard","hentry","category-kleve-in-foto-video","tag-das-krieger-ehrenmal-von-cleve"],"_links":{"self":[{"href":"https:\/\/www.kle-blatt.de\/blog\/wp-json\/wp\/v2\/posts\/16021","targetHints":{"allow":["GET"]}}],"collection":[{"href":"https:\/\/www.kle-blatt.de\/blog\/wp-json\/wp\/v2\/posts"}],"about":[{"href":"https:\/\/www.kle-blatt.de\/blog\/wp-json\/wp\/v2\/types\/post"}],"author":[{"embeddable":true,"href":"https:\/\/www.kle-blatt.de\/blog\/wp-json\/wp\/v2\/users\/2"}],"replies":[{"embeddable":true,"href":"https:\/\/www.kle-blatt.de\/blog\/wp-json\/wp\/v2\/comments?post=16021"}],"version-history":[{"count":0,"href":"https:\/\/www.kle-blatt.de\/blog\/wp-json\/wp\/v2\/posts\/16021\/revisions"}],"wp:attachment":[{"href":"https:\/\/www.kle-blatt.de\/blog\/wp-json\/wp\/v2\/media?parent=16021"}],"wp:term":[{"taxonomy":"category","embeddable":true,"href":"https:\/\/www.kle-blatt.de\/blog\/wp-json\/wp\/v2\/categories?post=16021"},{"taxonomy":"post_tag","embeddable":true,"href":"https:\/\/www.kle-blatt.de\/blog\/wp-json\/wp\/v2\/tags?post=16021"}],"curies":[{"name":"wp","href":"https:\/\/api.w.org\/{rel}","templated":true}]}}