{"id":16039,"date":"2023-08-11T07:00:29","date_gmt":"2023-08-11T05:00:29","guid":{"rendered":"http:\/\/www.kle-blatt.de\/blog\/?p=16039"},"modified":"2023-07-16T13:28:06","modified_gmt":"2023-07-16T11:28:06","slug":"prominenz-im-klever-world-center","status":"publish","type":"post","link":"https:\/\/www.kle-blatt.de\/blog\/kleve-in-foto-video\/aus-dem-privatalbum\/prominenz-im-klever-world-center.html","title":{"rendered":"Tats\u00e4chlich! G\u00fcnther Jauch in Kleve"},"content":{"rendered":"<p><strong>Tats\u00e4chlich! G\u00fcnther Jauch in Kleve<\/strong><\/p>\n<p>Neben den Weather Girls, den Tremeloes, der Beatles-Revival-Band, Dr. Alban und vielen anderen prominenten Musikern gab sich auch G\u00fcnther Jauch einmal die Ehre, Gast im damals beliebten World-Center an der Tichelstra\u00dfe zu sein. Die Diskothek z\u00e4hlte einige Jahre zu den angesagten Hot-Spots in Kleve und konnte immer mit vollem Hause an den Wochenenden rechnen. Aber wie wir heute wissen, sind Diskotheken immer nur leider tempor\u00e4re Erscheinungen. Sie kamen und gingen. Manchmal waren die Gr\u00fcnde daf\u00fcr nicht nachvollziehbar und als der Vorhang fiel, st\u00f6hnten viele auf. Man h\u00e4tte dann \u00f6fter hingehen sollen. \ud83d\ude09<\/p>\n<p><a href=\"http:\/\/www.kle-blatt.de\/blog\/wp-content\/uploads\/2015\/08\/jauch-im-world-center-klein.jpg\"><img loading=\"lazy\" decoding=\"async\" class=\"size-full wp-image-16040 aligncenter\" src=\"https:\/\/www.kle-blatt.de\/blog\/wp-content\/uploads\/2015\/08\/jauch-im-world-center-klein.jpg\" alt=\"Tats\u00e4chlich! G\u00fcnther Jauch in Kleve\" width=\"850\" height=\"536\" \/><\/a><br \/>\n(Foto: Schmaly)<\/p>\n","protected":false},"excerpt":{"rendered":"<p>Tats\u00e4chlich! G\u00fcnther Jauch in Kleve Neben den Weather Girls, den Tremeloes, der Beatles-Revival-Band, Dr. Alban und vielen anderen prominenten Musikern &hellip; <a href=\"https:\/\/www.kle-blatt.de\/blog\/kleve-in-foto-video\/aus-dem-privatalbum\/prominenz-im-klever-world-center.html\" class=\"more-link\"><span class=\"more-button\">Weiterlesen<span class=\"screen-reader-text\">Tats\u00e4chlich! G\u00fcnther Jauch in Kleve<\/span><\/span><\/a><\/p>\n","protected":false},"author":2,"featured_media":16040,"comment_status":"open","ping_status":"closed","sticky":false,"template":"","format":"standard","meta":{"footnotes":""},"categories":[20,5279],"tags":[4042],"class_list":["post-16039","post","type-post","status-publish","format-standard","has-post-thumbnail","hentry","category-aus-dem-privatalbum","category-klever-musik-und-diskoszene","tag-guenther-jauch-in-kleve"],"_links":{"self":[{"href":"https:\/\/www.kle-blatt.de\/blog\/wp-json\/wp\/v2\/posts\/16039","targetHints":{"allow":["GET"]}}],"collection":[{"href":"https:\/\/www.kle-blatt.de\/blog\/wp-json\/wp\/v2\/posts"}],"about":[{"href":"https:\/\/www.kle-blatt.de\/blog\/wp-json\/wp\/v2\/types\/post"}],"author":[{"embeddable":true,"href":"https:\/\/www.kle-blatt.de\/blog\/wp-json\/wp\/v2\/users\/2"}],"replies":[{"embeddable":true,"href":"https:\/\/www.kle-blatt.de\/blog\/wp-json\/wp\/v2\/comments?post=16039"}],"version-history":[{"count":2,"href":"https:\/\/www.kle-blatt.de\/blog\/wp-json\/wp\/v2\/posts\/16039\/revisions"}],"predecessor-version":[{"id":32480,"href":"https:\/\/www.kle-blatt.de\/blog\/wp-json\/wp\/v2\/posts\/16039\/revisions\/32480"}],"wp:featuredmedia":[{"embeddable":true,"href":"https:\/\/www.kle-blatt.de\/blog\/wp-json\/wp\/v2\/media\/16040"}],"wp:attachment":[{"href":"https:\/\/www.kle-blatt.de\/blog\/wp-json\/wp\/v2\/media?parent=16039"}],"wp:term":[{"taxonomy":"category","embeddable":true,"href":"https:\/\/www.kle-blatt.de\/blog\/wp-json\/wp\/v2\/categories?post=16039"},{"taxonomy":"post_tag","embeddable":true,"href":"https:\/\/www.kle-blatt.de\/blog\/wp-json\/wp\/v2\/tags?post=16039"}],"curies":[{"name":"wp","href":"https:\/\/api.w.org\/{rel}","templated":true}]}}