{"id":16042,"date":"2020-08-28T07:00:05","date_gmt":"2020-08-28T05:00:05","guid":{"rendered":"http:\/\/www.kle-blatt.de\/blog\/?p=16042"},"modified":"2020-07-21T11:33:54","modified_gmt":"2020-07-21T09:33:54","slug":"das-buergermeisteramt-von-kellen","status":"publish","type":"post","link":"https:\/\/www.kle-blatt.de\/blog\/kleve-in-foto-video\/das-buergermeisteramt-von-kellen.html","title":{"rendered":"Gewusst? Das B\u00fcrgermeisteramt von Kellen"},"content":{"rendered":"<p><strong>Gewusst? Das B\u00fcrgermeisteramt von Kellen<\/strong><\/p>\n<p>Ja, es gab ihn tats\u00e4chlich. Einen B\u00fcrgermeister von Kellen, der im Jahre 1931 dem Amt Griethausen unterstellt war und Dr. Bausen hie\u00df. Hier sehen wir seine &#8222;Residenz&#8220;.<br \/>\nIm Zuge der kommunalen Neugliederung &#8211; neudeutsch auch &#8222;Eingemeindung&#8220; &#8211; im Jahre 1969 wurde Kellen der Stadt Kleve zugeschlagen. Das hatte enorme wirtschaftliche Folgen, die sogar einen Protestmarsch der Kellener Bev\u00f6lkerung zur Folge hatten. Die nicht zu untersch\u00e4tzenden Steuereinnahmen der in Kellen beheimateten gro\u00dfen Firmen wie van-den-Bergh, XOX und Bensdorp wurden nun an Kleve gezahlt, was Kellen nat\u00fcrlich den finanziellen Genickbruch bescherte.<\/p>\n<p><a href=\"http:\/\/www.kle-blatt.de\/blog\/wp-content\/uploads\/2015\/08\/b\u00fcrgermeisteramt-kellen.jpg\"><img loading=\"lazy\" decoding=\"async\" class=\"size-full wp-image-16043 aligncenter\" src=\"https:\/\/www.kle-blatt.de\/blog\/wp-content\/uploads\/2015\/08\/b\u00fcrgermeisteramt-kellen.jpg\" alt=\"Gewusst? Das B\u00fcrgermeisteramt von Kellen\" width=\"850\" height=\"483\" \/><\/a><\/p>\n","protected":false},"excerpt":{"rendered":"<p>Gewusst? Das B\u00fcrgermeisteramt von Kellen Ja, es gab ihn tats\u00e4chlich. Einen B\u00fcrgermeister von Kellen, der im Jahre 1931 dem Amt &hellip; <a href=\"https:\/\/www.kle-blatt.de\/blog\/kleve-in-foto-video\/das-buergermeisteramt-von-kellen.html\" class=\"more-link\"><span class=\"more-button\">Weiterlesen<span class=\"screen-reader-text\">Gewusst? Das B\u00fcrgermeisteramt von Kellen<\/span><\/span><\/a><\/p>\n","protected":false},"author":2,"featured_media":16043,"comment_status":"open","ping_status":"closed","sticky":false,"template":"","format":"standard","meta":{"footnotes":""},"categories":[3],"tags":[3361],"class_list":["post-16042","post","type-post","status-publish","format-standard","has-post-thumbnail","hentry","category-kleve-in-foto-video","tag-das-buergermeisteramt-von-kellen"],"_links":{"self":[{"href":"https:\/\/www.kle-blatt.de\/blog\/wp-json\/wp\/v2\/posts\/16042","targetHints":{"allow":["GET"]}}],"collection":[{"href":"https:\/\/www.kle-blatt.de\/blog\/wp-json\/wp\/v2\/posts"}],"about":[{"href":"https:\/\/www.kle-blatt.de\/blog\/wp-json\/wp\/v2\/types\/post"}],"author":[{"embeddable":true,"href":"https:\/\/www.kle-blatt.de\/blog\/wp-json\/wp\/v2\/users\/2"}],"replies":[{"embeddable":true,"href":"https:\/\/www.kle-blatt.de\/blog\/wp-json\/wp\/v2\/comments?post=16042"}],"version-history":[{"count":2,"href":"https:\/\/www.kle-blatt.de\/blog\/wp-json\/wp\/v2\/posts\/16042\/revisions"}],"predecessor-version":[{"id":27488,"href":"https:\/\/www.kle-blatt.de\/blog\/wp-json\/wp\/v2\/posts\/16042\/revisions\/27488"}],"wp:featuredmedia":[{"embeddable":true,"href":"https:\/\/www.kle-blatt.de\/blog\/wp-json\/wp\/v2\/media\/16043"}],"wp:attachment":[{"href":"https:\/\/www.kle-blatt.de\/blog\/wp-json\/wp\/v2\/media?parent=16042"}],"wp:term":[{"taxonomy":"category","embeddable":true,"href":"https:\/\/www.kle-blatt.de\/blog\/wp-json\/wp\/v2\/categories?post=16042"},{"taxonomy":"post_tag","embeddable":true,"href":"https:\/\/www.kle-blatt.de\/blog\/wp-json\/wp\/v2\/tags?post=16042"}],"curies":[{"name":"wp","href":"https:\/\/api.w.org\/{rel}","templated":true}]}}