{"id":16070,"date":"2024-09-04T06:00:21","date_gmt":"2024-09-04T04:00:21","guid":{"rendered":"http:\/\/www.kle-blatt.de\/blog\/?p=16070"},"modified":"2024-07-21T10:46:06","modified_gmt":"2024-07-21T08:46:06","slug":"der-messerschleifer-von-kleve","status":"publish","type":"post","link":"https:\/\/www.kle-blatt.de\/blog\/kleve-in-foto-video\/aus-dem-privatalbum\/der-messerschleifer-von-kleve.html","title":{"rendered":"Der Messerschleifer von Kleve"},"content":{"rendered":"<p><strong>Der Messerschleifer von Kleve<\/strong><\/p>\n<p>&#8222;Stahlwaren&#8220; und &#8222;Dampfschleiferei&#8220; sind die Worte, die man unten am Schaufenster-Sockel noch lesen kann. Es handelt sich um ein Foto der Firma Johann Kotters auf der Kavarinerstra\u00dfe, die heute von den Nachfahren\u00a0des Firmengr\u00fcnders fortgef\u00fchrt wird. Ein wundervolles Bild aus den Gr\u00fcnderzeiten eines Klever Traditionsunternehmens.<\/p>\n<p><a href=\"http:\/\/www.kle-blatt.de\/blog\/wp-content\/uploads\/2015\/08\/kotters.jpg\"><img loading=\"lazy\" decoding=\"async\" class=\"size-full wp-image-16071 aligncenter\" src=\"https:\/\/www.kle-blatt.de\/blog\/wp-content\/uploads\/2015\/08\/kotters.jpg\" alt=\"Der Messerschleifer von Kleve\" width=\"850\" height=\"1170\" \/><\/a><br \/>\n(Foto: Kotters GmbH)<\/p>\n","protected":false},"excerpt":{"rendered":"<p>Der Messerschleifer von Kleve &#8222;Stahlwaren&#8220; und &#8222;Dampfschleiferei&#8220; sind die Worte, die man unten am Schaufenster-Sockel noch lesen kann. Es handelt &hellip; <a href=\"https:\/\/www.kle-blatt.de\/blog\/kleve-in-foto-video\/aus-dem-privatalbum\/der-messerschleifer-von-kleve.html\" class=\"more-link\"><span class=\"more-button\">Weiterlesen<span class=\"screen-reader-text\">Der Messerschleifer von Kleve<\/span><\/span><\/a><\/p>\n","protected":false},"author":2,"featured_media":16071,"comment_status":"closed","ping_status":"closed","sticky":false,"template":"","format":"standard","meta":{"footnotes":""},"categories":[20],"tags":[3368],"class_list":["post-16070","post","type-post","status-publish","format-standard","has-post-thumbnail","hentry","category-aus-dem-privatalbum","tag-der-messerschleifer-von-kleve"],"_links":{"self":[{"href":"https:\/\/www.kle-blatt.de\/blog\/wp-json\/wp\/v2\/posts\/16070","targetHints":{"allow":["GET"]}}],"collection":[{"href":"https:\/\/www.kle-blatt.de\/blog\/wp-json\/wp\/v2\/posts"}],"about":[{"href":"https:\/\/www.kle-blatt.de\/blog\/wp-json\/wp\/v2\/types\/post"}],"author":[{"embeddable":true,"href":"https:\/\/www.kle-blatt.de\/blog\/wp-json\/wp\/v2\/users\/2"}],"replies":[{"embeddable":true,"href":"https:\/\/www.kle-blatt.de\/blog\/wp-json\/wp\/v2\/comments?post=16070"}],"version-history":[{"count":2,"href":"https:\/\/www.kle-blatt.de\/blog\/wp-json\/wp\/v2\/posts\/16070\/revisions"}],"predecessor-version":[{"id":34152,"href":"https:\/\/www.kle-blatt.de\/blog\/wp-json\/wp\/v2\/posts\/16070\/revisions\/34152"}],"wp:featuredmedia":[{"embeddable":true,"href":"https:\/\/www.kle-blatt.de\/blog\/wp-json\/wp\/v2\/media\/16071"}],"wp:attachment":[{"href":"https:\/\/www.kle-blatt.de\/blog\/wp-json\/wp\/v2\/media?parent=16070"}],"wp:term":[{"taxonomy":"category","embeddable":true,"href":"https:\/\/www.kle-blatt.de\/blog\/wp-json\/wp\/v2\/categories?post=16070"},{"taxonomy":"post_tag","embeddable":true,"href":"https:\/\/www.kle-blatt.de\/blog\/wp-json\/wp\/v2\/tags?post=16070"}],"curies":[{"name":"wp","href":"https:\/\/api.w.org\/{rel}","templated":true}]}}