{"id":16191,"date":"2022-09-24T06:10:08","date_gmt":"2022-09-24T04:10:08","guid":{"rendered":"http:\/\/www.kle-blatt.de\/blog\/?p=16191"},"modified":"2022-08-29T11:43:30","modified_gmt":"2022-08-29T09:43:30","slug":"das-haus-im-kermisdahl","status":"publish","type":"post","link":"https:\/\/www.kle-blatt.de\/blog\/kleve-in-foto-video\/das-haus-im-kermisdahl.html","title":{"rendered":"Das kleine Haus im Kermisdahl"},"content":{"rendered":"<p><strong>Das kleine Haus im Kermisdahl<\/strong><\/p>\n<p>Ein wundervolles Haus mit einem zierlichen T\u00fcrmchen auf dem Dach stand hier im Jahre 1908 im Wasser des Kermisdahls. Mit diesem kunstvollen &#8222;Geb\u00e4ude&#8220; bot man den Schw\u00e4nen einen ruhigen Nist- bzw. Brutplatz. Damals gab es noch zahlreichere Exemplare des Klever Wappentieres als es heute der Fall ist. Ob die wei\u00dfen V\u00f6gel allerdings die Einladung in dieses f\u00fcr sie errichtete Geb\u00e4ude annahmen ist nicht \u00fcberliefert. Auf dem Bild findet man zumindest nicht mal eine Feder der gew\u00fcnschten Untermieter. \ud83d\ude42<\/p>\n<p><a href=\"http:\/\/www.kle-blatt.de\/blog\/wp-content\/uploads\/2015\/08\/kermisdahl1908.jpg\"><img loading=\"lazy\" decoding=\"async\" class=\"size-full wp-image-16192 aligncenter\" src=\"https:\/\/www.kle-blatt.de\/blog\/wp-content\/uploads\/2015\/08\/kermisdahl1908.jpg\" alt=\"Das kleine Haus im Kermisdahl\" width=\"850\" height=\"523\" \/><\/a><\/p>\n","protected":false},"excerpt":{"rendered":"<p>Das kleine Haus im Kermisdahl Ein wundervolles Haus mit einem zierlichen T\u00fcrmchen auf dem Dach stand hier im Jahre 1908 &hellip; <a href=\"https:\/\/www.kle-blatt.de\/blog\/kleve-in-foto-video\/das-haus-im-kermisdahl.html\" class=\"more-link\"><span class=\"more-button\">Weiterlesen<span class=\"screen-reader-text\">Das kleine Haus im Kermisdahl<\/span><\/span><\/a><\/p>\n","protected":false},"author":2,"featured_media":16192,"comment_status":"open","ping_status":"closed","sticky":false,"template":"","format":"standard","meta":{"footnotes":""},"categories":[3],"tags":[3383],"class_list":["post-16191","post","type-post","status-publish","format-standard","has-post-thumbnail","hentry","category-kleve-in-foto-video","tag-das-haus-im-kermisdahl"],"_links":{"self":[{"href":"https:\/\/www.kle-blatt.de\/blog\/wp-json\/wp\/v2\/posts\/16191","targetHints":{"allow":["GET"]}}],"collection":[{"href":"https:\/\/www.kle-blatt.de\/blog\/wp-json\/wp\/v2\/posts"}],"about":[{"href":"https:\/\/www.kle-blatt.de\/blog\/wp-json\/wp\/v2\/types\/post"}],"author":[{"embeddable":true,"href":"https:\/\/www.kle-blatt.de\/blog\/wp-json\/wp\/v2\/users\/2"}],"replies":[{"embeddable":true,"href":"https:\/\/www.kle-blatt.de\/blog\/wp-json\/wp\/v2\/comments?post=16191"}],"version-history":[{"count":2,"href":"https:\/\/www.kle-blatt.de\/blog\/wp-json\/wp\/v2\/posts\/16191\/revisions"}],"predecessor-version":[{"id":30935,"href":"https:\/\/www.kle-blatt.de\/blog\/wp-json\/wp\/v2\/posts\/16191\/revisions\/30935"}],"wp:featuredmedia":[{"embeddable":true,"href":"https:\/\/www.kle-blatt.de\/blog\/wp-json\/wp\/v2\/media\/16192"}],"wp:attachment":[{"href":"https:\/\/www.kle-blatt.de\/blog\/wp-json\/wp\/v2\/media?parent=16191"}],"wp:term":[{"taxonomy":"category","embeddable":true,"href":"https:\/\/www.kle-blatt.de\/blog\/wp-json\/wp\/v2\/categories?post=16191"},{"taxonomy":"post_tag","embeddable":true,"href":"https:\/\/www.kle-blatt.de\/blog\/wp-json\/wp\/v2\/tags?post=16191"}],"curies":[{"name":"wp","href":"https:\/\/api.w.org\/{rel}","templated":true}]}}